{"id":4613,"date":"2024-05-16T15:10:08","date_gmt":"2024-05-16T18:10:08","guid":{"rendered":"http:\/\/statussambashow.com.br\/site\/?p=4613"},"modified":"2024-06-07T16:56:28","modified_gmt":"2024-06-07T19:56:28","slug":"promocao-bandeira-pavilhao-personalizada-gratis","status":"publish","type":"post","link":"https:\/\/www.statussambashow.com.br\/site\/promocao-bandeira-pavilhao-personalizada-gratis\/","title":{"rendered":"Bandeira Personalizada Gr\u00e1tis &#8211; Promo\u00e7\u00e3o"},"content":{"rendered":"\n<style type=\"text\/css\" data-created_by=\"avia_inline_auto\" id=\"style-css-av-ar6xed-8195dfd10c23345b8a8fe4055d8c906b\">\n.flex_column.av-ar6xed-8195dfd10c23345b8a8fe4055d8c906b{\nborder-radius:0px 0px 0px 0px;\npadding:0px 0px 0px 0px;\n}\n<\/style>\n<div  class='flex_column av-ar6xed-8195dfd10c23345b8a8fe4055d8c906b av_one_full  avia-builder-el-0  avia-builder-el-no-sibling  first flex_column_div av-zero-column-padding  '     ><section  class='av_textblock_section av-8sjuh1-dc0f1bdad21294fd465b9f7655f74380 '   itemscope=\"itemscope\" itemtype=\"https:\/\/schema.org\/BlogPosting\" itemprop=\"blogPost\" ><div class='avia_textblock'  itemprop=\"text\" ><h3><strong>BANDEIRA PERSONALIZADA GRATIS &#8211; PROMO\u00c7\u00c3O<\/strong><\/h3>\n<\/div><\/section><br \/>\n<div  class='hr av-75p5bp-e260c71d01d6cf0e723195350ff8011b hr-short  avia-builder-el-2  el_after_av_textblock  el_before_av_textblock  hr-left'><span class='hr-inner '><span class=\"hr-inner-style\"><\/span><\/span><\/div><br \/>\n\n<style type=\"text\/css\" data-created_by=\"avia_inline_auto\" id=\"style-css-av-5g5zyd-f41e700f51a6a31db6bf86634e89ab89\">\n#top .av_textblock_section.av-5g5zyd-f41e700f51a6a31db6bf86634e89ab89 .avia_textblock{\nfont-size:15px;\n}\n<\/style>\n<section  class='av_textblock_section av-5g5zyd-f41e700f51a6a31db6bf86634e89ab89 '   itemscope=\"itemscope\" itemtype=\"https:\/\/schema.org\/BlogPosting\" itemprop=\"blogPost\" ><div class='avia_textblock'  itemprop=\"text\" ><p><b><span class='av_dropcap1 av-av_dropcap1-3cd9da5fea0ef5fb27aee617571c39a3'>U<\/span><\/b>ma super promo\u00e7\u00e3o est\u00e1 sendo oferecida pela <strong>STATUS SAMBA SHOW<\/strong>: todos os clientes que fecharem qualquer pacote, seja <strong>Samba Show, Roda de Samba, Techno Samba ou Din\u00e2mica Motivacional<\/strong>, entre os dias <strong>15\/05\/2024 e 31\/05\/2024<\/strong>, ganhar\u00e3o uma <strong>BANDEIRA PERSONALIZADA<\/strong> totalmente gr\u00e1tis. Esta bandeira ser\u00e1 confeccionada como uma r\u00e9plica dos pavilh\u00f5es utilizados pelas Escolas de Samba em suas quadras e desfiles.<\/p>\n<p>Primeiramente, a bandeira ser\u00e1 confeccionada no tamanho real das usadas pelas escolas de samba nos desfiles, permitindo, assim, que a arte seja totalmente personalizada conforme o desejo do cliente. Al\u00e9m disso, o cliente pode escolher o que incluir na arte, como um bras\u00e3o, monograma, foto e\/ou qualquer texto, e a equipe da <strong>Status Samba Show<\/strong> se encarregar\u00e1 de prepar\u00e1-la. Alternativamente, a arte pode ser criada pelo pr\u00f3prio cliente e enviada pronta para a produ\u00e7\u00e3o. A bandeira ser\u00e1 finalizada com todos os acabamentos necess\u00e1rios, incluindo as tradicionais franjas.<\/p>\n<p>No dia do evento, a bandeira poder\u00e1 ser utilizada pelo casal de <strong>Mestre-Sala e Porta-Bandeira<\/strong>, que poder\u00e1 dan\u00e7ar com ela, ou pelas <strong>Passistas<\/strong>, que poder\u00e3o entrar com a mesma e realizar uma sess\u00e3o de fotos junto \u00e0 bateria e ao casal.<\/p>\n<p>Afinal, quem n\u00e3o gosta de ter uma atra\u00e7\u00e3o musical de destaque em sua festa e ainda ganhar um brinde incr\u00edvel? Portanto, aproveite esta promo\u00e7\u00e3o e receba uma lembran\u00e7a extraordin\u00e1ria que tornar\u00e1 sua festa ainda mais especial. Esse \u00e9 mais um diferencial oferecido exclusivamente pela <strong>STATUS SAMBA SHOW<\/strong>.<\/p>\n<p>Diversos contratos j\u00e1 est\u00e3o sendo fechados por clientes que est\u00e3o garantindo esse brinde. Ent\u00e3o, por que esperar? <strong><a href=\"http:\/\/statussambashow.com.br\/site\/contato\/\">ENTRE EM CONTATO E GARANTA J\u00c1 ESTE BRINDE.<\/a><\/strong><\/p>\n<p>Abaixo, algumas fotos de modelos j\u00e1 produzidos pela equipe da <strong>Status Samba Show<\/strong> podem ser conferidas:<\/p>\n<\/div><\/section><br \/>\n\n<style type=\"text\/css\" data-created_by=\"avia_inline_auto\" id=\"style-css-av-h68n9-3bbf1e16a90b9ba08496d7a185c087ad\">\n#top .avia-gallery.av-h68n9-3bbf1e16a90b9ba08496d7a185c087ad .avia-gallery-thumb a{\nwidth:14.2857%;\n}\n<\/style>\n<div  class='avia-gallery av-h68n9-3bbf1e16a90b9ba08496d7a185c087ad avia_animate_when_visible  avia-builder-el-4  el_after_av_textblock  el_before_av_hr  avia_lazyload av-slideshow-ui av-loop-manual-endless av-control-hidden av-navigate-arrows av-navigate-dots hover-effect av-control-hidden avia-gallery-animate avia-gallery-1'  itemprop=\"image\" itemscope=\"itemscope\" itemtype=\"https:\/\/schema.org\/ImageObject\" ><meta itemprop=\"contentURL\" content=\"https:\/\/www.statussambashow.com.br\/site\/promocao-bandeira-pavilhao-personalizada-gratis\/\"><a class='avia-gallery-big fakeLightbox lightbox avia-gallery-big-crop-thumb ' href=\"https:\/\/www.statussambashow.com.br\/site\/wp-content\/uploads\/2017\/04\/Fotos-Patricia0020-1030x686.jpg\" data-srcset=\"https:\/\/www.statussambashow.com.br\/site\/wp-content\/uploads\/2017\/04\/Fotos-Patricia0020-1030x686.jpg 1030w, https:\/\/www.statussambashow.com.br\/site\/wp-content\/uploads\/2017\/04\/Fotos-Patricia0020-300x200.jpg 300w, https:\/\/www.statussambashow.com.br\/site\/wp-content\/uploads\/2017\/04\/Fotos-Patricia0020-768x511.jpg 768w, https:\/\/www.statussambashow.com.br\/site\/wp-content\/uploads\/2017\/04\/Fotos-Patricia0020-705x469.jpg 705w, https:\/\/www.statussambashow.com.br\/site\/wp-content\/uploads\/2017\/04\/Fotos-Patricia0020-450x300.jpg 450w, https:\/\/www.statussambashow.com.br\/site\/wp-content\/uploads\/2017\/04\/Fotos-Patricia0020.jpg 1280w\" data-sizes=\"(max-width: 1030px) 100vw, 1030px\"  data-onclick='1' title='Fotos Patricia0020' ><span class='avia-gallery-big-inner'  itemprop=\"thumbnailUrl\" ><img decoding=\"async\" fetchpriority=\"high\" class=\"wp-image-4950 avia-img-lazy-loading-not-4950\"  width=\"710\" height=\"375\" src=\"https:\/\/www.statussambashow.com.br\/site\/wp-content\/uploads\/2017\/04\/Fotos-Patricia0020-710x375.jpg\" title='Fotos Patricia0020' alt='' \/><\/span><\/a><div class='avia-gallery-thumb'><a href=\"https:\/\/www.statussambashow.com.br\/site\/wp-content\/uploads\/2017\/04\/Fotos-Patricia0020-1030x686.jpg\" data-srcset=\"https:\/\/www.statussambashow.com.br\/site\/wp-content\/uploads\/2017\/04\/Fotos-Patricia0020-1030x686.jpg 1030w, https:\/\/www.statussambashow.com.br\/site\/wp-content\/uploads\/2017\/04\/Fotos-Patricia0020-300x200.jpg 300w, https:\/\/www.statussambashow.com.br\/site\/wp-content\/uploads\/2017\/04\/Fotos-Patricia0020-768x511.jpg 768w, https:\/\/www.statussambashow.com.br\/site\/wp-content\/uploads\/2017\/04\/Fotos-Patricia0020-705x469.jpg 705w, https:\/\/www.statussambashow.com.br\/site\/wp-content\/uploads\/2017\/04\/Fotos-Patricia0020-450x300.jpg 450w, https:\/\/www.statussambashow.com.br\/site\/wp-content\/uploads\/2017\/04\/Fotos-Patricia0020.jpg 1280w\" data-sizes=\"(max-width: 1030px) 100vw, 1030px\" data-rel='gallery-1' data-prev-img='https:\/\/www.statussambashow.com.br\/site\/wp-content\/uploads\/2017\/04\/Fotos-Patricia0020-710x375.jpg' class='first_thumb lightbox ' data-onclick='1' title='Fotos Patricia0020'  itemprop=\"thumbnailUrl\"  ><img decoding=\"async\" fetchpriority=\"high\" class=\"wp-image-4950 avia-img-lazy-loading-not-4950\"   src=\"https:\/\/www.statussambashow.com.br\/site\/wp-content\/uploads\/2017\/04\/Fotos-Patricia0020-495x400.jpg\" width=\"495\" height=\"400\"  title='Fotos Patricia0020' alt='' srcset=\"https:\/\/www.statussambashow.com.br\/site\/wp-content\/uploads\/2017\/04\/Fotos-Patricia0020-495x400.jpg 495w, https:\/\/www.statussambashow.com.br\/site\/wp-content\/uploads\/2017\/04\/Fotos-Patricia0020-845x684.jpg 845w\" sizes=\"(max-width: 495px) 100vw, 495px\" \/><div class='big-prev-fake'><img decoding=\"async\" loading=\"lazy\" class=\"wp-image-4950 avia-img-lazy-loading-4950\"  width=\"710\" height=\"375\" src=\"https:\/\/www.statussambashow.com.br\/site\/wp-content\/uploads\/2017\/04\/Fotos-Patricia0020-710x375.jpg\" title='Fotos Patricia0020' alt='' \/><\/div><\/a><a href=\"https:\/\/www.statussambashow.com.br\/site\/wp-content\/uploads\/2017\/09\/13406702_891093557685308_8488572239177302954_n.jpg\" data-srcset=\"https:\/\/www.statussambashow.com.br\/site\/wp-content\/uploads\/2017\/09\/13406702_891093557685308_8488572239177302954_n.jpg 960w, https:\/\/www.statussambashow.com.br\/site\/wp-content\/uploads\/2017\/09\/13406702_891093557685308_8488572239177302954_n-300x200.jpg 300w, https:\/\/www.statussambashow.com.br\/site\/wp-content\/uploads\/2017\/09\/13406702_891093557685308_8488572239177302954_n-768x512.jpg 768w, https:\/\/www.statussambashow.com.br\/site\/wp-content\/uploads\/2017\/09\/13406702_891093557685308_8488572239177302954_n-705x470.jpg 705w, https:\/\/www.statussambashow.com.br\/site\/wp-content\/uploads\/2017\/09\/13406702_891093557685308_8488572239177302954_n-450x300.jpg 450w\" data-sizes=\"(max-width: 960px) 100vw, 960px\" data-rel='gallery-1' data-prev-img='https:\/\/www.statussambashow.com.br\/site\/wp-content\/uploads\/2017\/09\/13406702_891093557685308_8488572239177302954_n-710x375.jpg' class='lightbox ' data-onclick='2' title='Festa de Anivers\u00e1rio - William 18 Anos'  itemprop=\"thumbnailUrl\"  ><img decoding=\"async\" fetchpriority=\"high\" class=\"wp-image-5037 avia-img-lazy-loading-not-5037\"   src=\"https:\/\/www.statussambashow.com.br\/site\/wp-content\/uploads\/2017\/09\/13406702_891093557685308_8488572239177302954_n-495x400.jpg\" width=\"495\" height=\"400\"  title='Festa de Anivers\u00e1rio - William 18 Anos' alt='Bandeira Personalizada em Festa de Anivers\u00e1rio' \/><div class='big-prev-fake'><img decoding=\"async\" loading=\"lazy\" class=\"wp-image-5037 avia-img-lazy-loading-5037\"  width=\"710\" height=\"375\" src=\"https:\/\/www.statussambashow.com.br\/site\/wp-content\/uploads\/2017\/09\/13406702_891093557685308_8488572239177302954_n-710x375.jpg\" title='Festa de Anivers\u00e1rio - William 18 Anos' alt='Bandeira Personalizada em Festa de Anivers\u00e1rio' \/><\/div><\/a><a href=\"https:\/\/www.statussambashow.com.br\/site\/wp-content\/uploads\/2017\/09\/Festa-de-Confrateniza\u00e7\u00e3o-Vikings-01-12-20170015.jpg\" data-srcset=\"https:\/\/www.statussambashow.com.br\/site\/wp-content\/uploads\/2017\/09\/Festa-de-Confrateniza\u00e7\u00e3o-Vikings-01-12-20170015.jpg 539w, https:\/\/www.statussambashow.com.br\/site\/wp-content\/uploads\/2017\/09\/Festa-de-Confrateniza\u00e7\u00e3o-Vikings-01-12-20170015-168x300.jpg 168w, https:\/\/www.statussambashow.com.br\/site\/wp-content\/uploads\/2017\/09\/Festa-de-Confrateniza\u00e7\u00e3o-Vikings-01-12-20170015-396x705.jpg 396w, https:\/\/www.statussambashow.com.br\/site\/wp-content\/uploads\/2017\/09\/Festa-de-Confrateniza\u00e7\u00e3o-Vikings-01-12-20170015-450x801.jpg 450w\" data-sizes=\"(max-width: 539px) 100vw, 539px\" data-rel='gallery-1' data-prev-img='https:\/\/www.statussambashow.com.br\/site\/wp-content\/uploads\/2017\/09\/Festa-de-Confrateniza\u00e7\u00e3o-Vikings-01-12-20170015-539x375.jpg' class='lightbox ' data-onclick='3' title='Festa de Confrateniza\u00e7\u00e3o Vikings 01-12-20170015'  itemprop=\"thumbnailUrl\"  ><img decoding=\"async\" fetchpriority=\"high\" class=\"wp-image-5036 avia-img-lazy-loading-not-5036\"   src=\"https:\/\/www.statussambashow.com.br\/site\/wp-content\/uploads\/2017\/09\/Festa-de-Confrateniza\u00e7\u00e3o-Vikings-01-12-20170015-495x400.jpg\" width=\"495\" height=\"400\"  title='Festa de Confrateniza\u00e7\u00e3o Vikings 01-12-20170015' alt='Lenita e Clay Casal de Mestre Sala e Porta Bandeira - Bandeira Personalizada' \/><div class='big-prev-fake'><img decoding=\"async\" loading=\"lazy\" class=\"wp-image-5036 avia-img-lazy-loading-5036\"  width=\"539\" height=\"375\" src=\"https:\/\/www.statussambashow.com.br\/site\/wp-content\/uploads\/2017\/09\/Festa-de-Confrateniza\u00e7\u00e3o-Vikings-01-12-20170015-539x375.jpg\" title='Festa de Confrateniza\u00e7\u00e3o Vikings 01-12-20170015' alt='Lenita e Clay Casal de Mestre Sala e Porta Bandeira - Bandeira Personalizada' \/><\/div><\/a><a href=\"https:\/\/www.statussambashow.com.br\/site\/wp-content\/uploads\/2017\/09\/casamento-Bruna-15-100043-1030x579.jpg\" data-srcset=\"https:\/\/www.statussambashow.com.br\/site\/wp-content\/uploads\/2017\/09\/casamento-Bruna-15-100043-1030x579.jpg 1030w, https:\/\/www.statussambashow.com.br\/site\/wp-content\/uploads\/2017\/09\/casamento-Bruna-15-100043-300x169.jpg 300w, https:\/\/www.statussambashow.com.br\/site\/wp-content\/uploads\/2017\/09\/casamento-Bruna-15-100043-768x431.jpg 768w, https:\/\/www.statussambashow.com.br\/site\/wp-content\/uploads\/2017\/09\/casamento-Bruna-15-100043-705x396.jpg 705w, https:\/\/www.statussambashow.com.br\/site\/wp-content\/uploads\/2017\/09\/casamento-Bruna-15-100043-450x253.jpg 450w, https:\/\/www.statussambashow.com.br\/site\/wp-content\/uploads\/2017\/09\/casamento-Bruna-15-100043.jpg 1280w\" data-sizes=\"(max-width: 1030px) 100vw, 1030px\" data-rel='gallery-1' data-prev-img='https:\/\/www.statussambashow.com.br\/site\/wp-content\/uploads\/2017\/09\/casamento-Bruna-15-100043-710x375.jpg' class='lightbox ' data-onclick='4' title='casamento Bruna 15 Bandeira Personalizada - Pavilh\u00e3o -'  itemprop=\"thumbnailUrl\"  ><img decoding=\"async\" fetchpriority=\"high\" class=\"wp-image-4999 avia-img-lazy-loading-not-4999\"   src=\"https:\/\/www.statussambashow.com.br\/site\/wp-content\/uploads\/2017\/09\/casamento-Bruna-15-100043-495x400.jpg\" width=\"495\" height=\"400\"  title='casamento Bruna 15 Bandeira Personalizada - Pavilh\u00e3o -' alt='Bandeira Personalizada - Pavilh\u00e3o Com Bo\u00e1' srcset=\"https:\/\/www.statussambashow.com.br\/site\/wp-content\/uploads\/2017\/09\/casamento-Bruna-15-100043-495x400.jpg 495w, https:\/\/www.statussambashow.com.br\/site\/wp-content\/uploads\/2017\/09\/casamento-Bruna-15-100043-845x684.jpg 845w\" sizes=\"(max-width: 495px) 100vw, 495px\" \/><div class='big-prev-fake'><img decoding=\"async\" loading=\"lazy\" class=\"wp-image-4999 avia-img-lazy-loading-4999\"  width=\"710\" height=\"375\" src=\"https:\/\/www.statussambashow.com.br\/site\/wp-content\/uploads\/2017\/09\/casamento-Bruna-15-100043-710x375.jpg\" title='casamento Bruna 15 Bandeira Personalizada - Pavilh\u00e3o -' alt='Bandeira Personalizada - Pavilh\u00e3o Com Bo\u00e1' \/><\/div><\/a><a href=\"https:\/\/www.statussambashow.com.br\/site\/wp-content\/uploads\/2016\/07\/bordado.jpg\" data-srcset=\"https:\/\/www.statussambashow.com.br\/site\/wp-content\/uploads\/2016\/07\/bordado.jpg 1024w, https:\/\/www.statussambashow.com.br\/site\/wp-content\/uploads\/2016\/07\/bordado-300x225.jpg 300w, https:\/\/www.statussambashow.com.br\/site\/wp-content\/uploads\/2016\/07\/bordado-768x576.jpg 768w, https:\/\/www.statussambashow.com.br\/site\/wp-content\/uploads\/2016\/07\/bordado-705x529.jpg 705w, https:\/\/www.statussambashow.com.br\/site\/wp-content\/uploads\/2016\/07\/bordado-450x338.jpg 450w\" data-sizes=\"(max-width: 1024px) 100vw, 1024px\" data-rel='gallery-1' data-prev-img='https:\/\/www.statussambashow.com.br\/site\/wp-content\/uploads\/2016\/07\/bordado-710x375.jpg' class='lightbox ' data-onclick='5' title='Bandeira Personalizada 04'  itemprop=\"thumbnailUrl\"  ><img decoding=\"async\" fetchpriority=\"high\" class=\"wp-image-4917 avia-img-lazy-loading-not-4917\"   src=\"https:\/\/www.statussambashow.com.br\/site\/wp-content\/uploads\/2016\/07\/bordado-495x400.jpg\" width=\"495\" height=\"400\"  title='Bandeira Personalizada 04' alt='Bandeira Personalizada Evento Netshoes' srcset=\"https:\/\/www.statussambashow.com.br\/site\/wp-content\/uploads\/2016\/07\/bordado-495x400.jpg 495w, https:\/\/www.statussambashow.com.br\/site\/wp-content\/uploads\/2016\/07\/bordado-845x684.jpg 845w\" sizes=\"(max-width: 495px) 100vw, 495px\" \/><div class='big-prev-fake'><img decoding=\"async\" loading=\"lazy\" class=\"wp-image-4917 avia-img-lazy-loading-4917\"  width=\"710\" height=\"375\" src=\"https:\/\/www.statussambashow.com.br\/site\/wp-content\/uploads\/2016\/07\/bordado-710x375.jpg\" title='Bandeira Personalizada 04' alt='Bandeira Personalizada Evento Netshoes' \/><\/div><\/a><a href=\"https:\/\/www.statussambashow.com.br\/site\/wp-content\/uploads\/2016\/07\/Show-Ifood0033.jpg\" data-srcset=\"https:\/\/www.statussambashow.com.br\/site\/wp-content\/uploads\/2016\/07\/Show-Ifood0033.jpg 640w, https:\/\/www.statussambashow.com.br\/site\/wp-content\/uploads\/2016\/07\/Show-Ifood0033-200x300.jpg 200w, https:\/\/www.statussambashow.com.br\/site\/wp-content\/uploads\/2016\/07\/Show-Ifood0033-470x705.jpg 470w, https:\/\/www.statussambashow.com.br\/site\/wp-content\/uploads\/2016\/07\/Show-Ifood0033-450x675.jpg 450w\" data-sizes=\"(max-width: 640px) 100vw, 640px\" data-rel='gallery-1' data-prev-img='https:\/\/www.statussambashow.com.br\/site\/wp-content\/uploads\/2016\/07\/Show-Ifood0033-640x375.jpg' class='lightbox ' data-onclick='6' title='Bandeira Personalizada 02'  itemprop=\"thumbnailUrl\"  ><img decoding=\"async\" fetchpriority=\"high\" class=\"wp-image-4919 avia-img-lazy-loading-not-4919\"   src=\"https:\/\/www.statussambashow.com.br\/site\/wp-content\/uploads\/2016\/07\/Show-Ifood0033-495x400.jpg\" width=\"495\" height=\"400\"  title='Bandeira Personalizada 02' alt='Bandeira Personalziada no formato pavilh\u00e3o para evento corporativo Ifood' \/><div class='big-prev-fake'><img decoding=\"async\" loading=\"lazy\" class=\"wp-image-4919 avia-img-lazy-loading-4919\"  width=\"640\" height=\"375\" src=\"https:\/\/www.statussambashow.com.br\/site\/wp-content\/uploads\/2016\/07\/Show-Ifood0033-640x375.jpg\" title='Bandeira Personalizada 02' alt='Bandeira Personalziada no formato pavilh\u00e3o para evento corporativo Ifood' \/><\/div><\/a><a href=\"https:\/\/www.statussambashow.com.br\/site\/wp-content\/uploads\/2017\/09\/Aniversario-K\u00e1tia-22-07-20170010-1030x579.jpg\" data-srcset=\"https:\/\/www.statussambashow.com.br\/site\/wp-content\/uploads\/2017\/09\/Aniversario-K\u00e1tia-22-07-20170010-1030x579.jpg 1030w, https:\/\/www.statussambashow.com.br\/site\/wp-content\/uploads\/2017\/09\/Aniversario-K\u00e1tia-22-07-20170010-300x169.jpg 300w, https:\/\/www.statussambashow.com.br\/site\/wp-content\/uploads\/2017\/09\/Aniversario-K\u00e1tia-22-07-20170010-768x431.jpg 768w, https:\/\/www.statussambashow.com.br\/site\/wp-content\/uploads\/2017\/09\/Aniversario-K\u00e1tia-22-07-20170010-705x396.jpg 705w, https:\/\/www.statussambashow.com.br\/site\/wp-content\/uploads\/2017\/09\/Aniversario-K\u00e1tia-22-07-20170010-450x253.jpg 450w, https:\/\/www.statussambashow.com.br\/site\/wp-content\/uploads\/2017\/09\/Aniversario-K\u00e1tia-22-07-20170010.jpg 1280w\" data-sizes=\"(max-width: 1030px) 100vw, 1030px\" data-rel='gallery-1' data-prev-img='https:\/\/www.statussambashow.com.br\/site\/wp-content\/uploads\/2017\/09\/Aniversario-K\u00e1tia-22-07-20170010-710x375.jpg' class='lightbox ' data-onclick='7' title='Aniversario K\u00e1tia 22-07- Bandeira Personalizada - Pavilh\u00e3o'  itemprop=\"thumbnailUrl\"  ><img decoding=\"async\" fetchpriority=\"high\" class=\"wp-image-4998 avia-img-lazy-loading-not-4998\"   src=\"https:\/\/www.statussambashow.com.br\/site\/wp-content\/uploads\/2017\/09\/Aniversario-K\u00e1tia-22-07-20170010-495x400.jpg\" width=\"495\" height=\"400\"  title='Aniversario K\u00e1tia 22-07- Bandeira Personalizada - Pavilh\u00e3o' alt='Bandeira Personalizada - Pavilh\u00e3o - Mulata e Malandro' srcset=\"https:\/\/www.statussambashow.com.br\/site\/wp-content\/uploads\/2017\/09\/Aniversario-K\u00e1tia-22-07-20170010-495x400.jpg 495w, https:\/\/www.statussambashow.com.br\/site\/wp-content\/uploads\/2017\/09\/Aniversario-K\u00e1tia-22-07-20170010-845x684.jpg 845w\" sizes=\"(max-width: 495px) 100vw, 495px\" \/><div class='big-prev-fake'><img decoding=\"async\" loading=\"lazy\" class=\"wp-image-4998 avia-img-lazy-loading-4998\"  width=\"710\" height=\"375\" src=\"https:\/\/www.statussambashow.com.br\/site\/wp-content\/uploads\/2017\/09\/Aniversario-K\u00e1tia-22-07-20170010-710x375.jpg\" title='Aniversario K\u00e1tia 22-07- Bandeira Personalizada - Pavilh\u00e3o' alt='Bandeira Personalizada - Pavilh\u00e3o - Mulata e Malandro' \/><\/div><\/a><a href=\"https:\/\/www.statussambashow.com.br\/site\/wp-content\/uploads\/2017\/09\/Casamento-Diego-e-Fabiana0007-1030x579.jpg\" data-srcset=\"https:\/\/www.statussambashow.com.br\/site\/wp-content\/uploads\/2017\/09\/Casamento-Diego-e-Fabiana0007-1030x579.jpg 1030w, https:\/\/www.statussambashow.com.br\/site\/wp-content\/uploads\/2017\/09\/Casamento-Diego-e-Fabiana0007-300x169.jpg 300w, https:\/\/www.statussambashow.com.br\/site\/wp-content\/uploads\/2017\/09\/Casamento-Diego-e-Fabiana0007-768x431.jpg 768w, https:\/\/www.statussambashow.com.br\/site\/wp-content\/uploads\/2017\/09\/Casamento-Diego-e-Fabiana0007-705x396.jpg 705w, https:\/\/www.statussambashow.com.br\/site\/wp-content\/uploads\/2017\/09\/Casamento-Diego-e-Fabiana0007-450x253.jpg 450w, https:\/\/www.statussambashow.com.br\/site\/wp-content\/uploads\/2017\/09\/Casamento-Diego-e-Fabiana0007.jpg 1280w\" data-sizes=\"(max-width: 1030px) 100vw, 1030px\" data-rel='gallery-1' data-prev-img='https:\/\/www.statussambashow.com.br\/site\/wp-content\/uploads\/2017\/09\/Casamento-Diego-e-Fabiana0007-710x375.jpg' class='first_thumb lightbox ' data-onclick='8' title='Casamento Diego e  - Bandeira Personalizada - Pavilh\u00e3o - Lenita e Clay'  itemprop=\"thumbnailUrl\"  ><img decoding=\"async\" fetchpriority=\"high\" class=\"wp-image-5000 avia-img-lazy-loading-not-5000\"   src=\"https:\/\/www.statussambashow.com.br\/site\/wp-content\/uploads\/2017\/09\/Casamento-Diego-e-Fabiana0007-495x400.jpg\" width=\"495\" height=\"400\"  title='Casamento Diego e  - Bandeira Personalizada - Pavilh\u00e3o - Lenita e Clay' alt='Bandeira Personalizada - Pavilh\u00e3o - Casal de Mestre Sala e Porta Bandeira -' srcset=\"https:\/\/www.statussambashow.com.br\/site\/wp-content\/uploads\/2017\/09\/Casamento-Diego-e-Fabiana0007-495x400.jpg 495w, https:\/\/www.statussambashow.com.br\/site\/wp-content\/uploads\/2017\/09\/Casamento-Diego-e-Fabiana0007-845x684.jpg 845w\" sizes=\"(max-width: 495px) 100vw, 495px\" \/><div class='big-prev-fake'><img decoding=\"async\" loading=\"lazy\" class=\"wp-image-5000 avia-img-lazy-loading-5000\"  width=\"710\" height=\"375\" src=\"https:\/\/www.statussambashow.com.br\/site\/wp-content\/uploads\/2017\/09\/Casamento-Diego-e-Fabiana0007-710x375.jpg\" title='Casamento Diego e  - Bandeira Personalizada - Pavilh\u00e3o - Lenita e Clay' alt='Bandeira Personalizada - Pavilh\u00e3o - Casal de Mestre Sala e Porta Bandeira -' \/><\/div><\/a><a href=\"https:\/\/www.statussambashow.com.br\/site\/wp-content\/uploads\/2015\/08\/band_02-1030x693.jpg\" data-srcset=\"https:\/\/www.statussambashow.com.br\/site\/wp-content\/uploads\/2015\/08\/band_02-1030x693.jpg 1030w, https:\/\/www.statussambashow.com.br\/site\/wp-content\/uploads\/2015\/08\/band_02-300x202.jpg 300w, https:\/\/www.statussambashow.com.br\/site\/wp-content\/uploads\/2015\/08\/band_02-705x474.jpg 705w, https:\/\/www.statussambashow.com.br\/site\/wp-content\/uploads\/2015\/08\/band_02-450x303.jpg 450w, https:\/\/www.statussambashow.com.br\/site\/wp-content\/uploads\/2015\/08\/band_02.jpg 1280w\" data-sizes=\"(max-width: 1030px) 100vw, 1030px\" data-rel='gallery-1' data-prev-img='https:\/\/www.statussambashow.com.br\/site\/wp-content\/uploads\/2015\/08\/band_02-710x375.jpg' class='lightbox ' data-onclick='9' title='band_02'  itemprop=\"thumbnailUrl\"  ><img decoding=\"async\" fetchpriority=\"high\" class=\"wp-image-4608 avia-img-lazy-loading-not-4608\"   src=\"https:\/\/www.statussambashow.com.br\/site\/wp-content\/uploads\/2015\/08\/band_02-495x400.jpg\" width=\"495\" height=\"400\"  title='band_02' alt='' srcset=\"https:\/\/www.statussambashow.com.br\/site\/wp-content\/uploads\/2015\/08\/band_02-495x400.jpg 495w, https:\/\/www.statussambashow.com.br\/site\/wp-content\/uploads\/2015\/08\/band_02-845x684.jpg 845w\" sizes=\"(max-width: 495px) 100vw, 495px\" \/><div class='big-prev-fake'><img decoding=\"async\" loading=\"lazy\" class=\"wp-image-4608 avia-img-lazy-loading-4608\"  width=\"710\" height=\"375\" src=\"https:\/\/www.statussambashow.com.br\/site\/wp-content\/uploads\/2015\/08\/band_02-710x375.jpg\" title='band_02' alt='' \/><\/div><\/a><a href=\"https:\/\/www.statussambashow.com.br\/site\/wp-content\/uploads\/2017\/09\/Casamento-Katia-02-040009-1030x579.jpg\" data-srcset=\"https:\/\/www.statussambashow.com.br\/site\/wp-content\/uploads\/2017\/09\/Casamento-Katia-02-040009-1030x579.jpg 1030w, https:\/\/www.statussambashow.com.br\/site\/wp-content\/uploads\/2017\/09\/Casamento-Katia-02-040009-300x169.jpg 300w, https:\/\/www.statussambashow.com.br\/site\/wp-content\/uploads\/2017\/09\/Casamento-Katia-02-040009-768x431.jpg 768w, https:\/\/www.statussambashow.com.br\/site\/wp-content\/uploads\/2017\/09\/Casamento-Katia-02-040009-705x396.jpg 705w, https:\/\/www.statussambashow.com.br\/site\/wp-content\/uploads\/2017\/09\/Casamento-Katia-02-040009-450x253.jpg 450w, https:\/\/www.statussambashow.com.br\/site\/wp-content\/uploads\/2017\/09\/Casamento-Katia-02-040009.jpg 1280w\" data-sizes=\"(max-width: 1030px) 100vw, 1030px\" data-rel='gallery-1' data-prev-img='https:\/\/www.statussambashow.com.br\/site\/wp-content\/uploads\/2017\/09\/Casamento-Katia-02-040009-710x375.jpg' class='lightbox ' data-onclick='10' title='Casamento Katia 02 Bandeira Personalizada - Pavilh\u00e3o'  itemprop=\"thumbnailUrl\"  ><img decoding=\"async\" fetchpriority=\"high\" class=\"wp-image-5001 avia-img-lazy-loading-not-5001\"   src=\"https:\/\/www.statussambashow.com.br\/site\/wp-content\/uploads\/2017\/09\/Casamento-Katia-02-040009-495x400.jpg\" width=\"495\" height=\"400\"  title='Casamento Katia 02 Bandeira Personalizada - Pavilh\u00e3o' alt='Bandeira Personalizada - Pavilh\u00e3o - Mulatas e Malandro' srcset=\"https:\/\/www.statussambashow.com.br\/site\/wp-content\/uploads\/2017\/09\/Casamento-Katia-02-040009-495x400.jpg 495w, https:\/\/www.statussambashow.com.br\/site\/wp-content\/uploads\/2017\/09\/Casamento-Katia-02-040009-845x684.jpg 845w\" sizes=\"(max-width: 495px) 100vw, 495px\" \/><div class='big-prev-fake'><img decoding=\"async\" loading=\"lazy\" class=\"wp-image-5001 avia-img-lazy-loading-5001\"  width=\"710\" height=\"375\" src=\"https:\/\/www.statussambashow.com.br\/site\/wp-content\/uploads\/2017\/09\/Casamento-Katia-02-040009-710x375.jpg\" title='Casamento Katia 02 Bandeira Personalizada - Pavilh\u00e3o' alt='Bandeira Personalizada - Pavilh\u00e3o - Mulatas e Malandro' \/><\/div><\/a><a href=\"https:\/\/www.statussambashow.com.br\/site\/wp-content\/uploads\/2017\/09\/Evento-Roberta-24-090036-1030x579.jpg\" data-srcset=\"https:\/\/www.statussambashow.com.br\/site\/wp-content\/uploads\/2017\/09\/Evento-Roberta-24-090036-1030x579.jpg 1030w, https:\/\/www.statussambashow.com.br\/site\/wp-content\/uploads\/2017\/09\/Evento-Roberta-24-090036-300x169.jpg 300w, https:\/\/www.statussambashow.com.br\/site\/wp-content\/uploads\/2017\/09\/Evento-Roberta-24-090036-768x431.jpg 768w, https:\/\/www.statussambashow.com.br\/site\/wp-content\/uploads\/2017\/09\/Evento-Roberta-24-090036-705x396.jpg 705w, https:\/\/www.statussambashow.com.br\/site\/wp-content\/uploads\/2017\/09\/Evento-Roberta-24-090036-450x253.jpg 450w, https:\/\/www.statussambashow.com.br\/site\/wp-content\/uploads\/2017\/09\/Evento-Roberta-24-090036.jpg 1280w\" data-sizes=\"(max-width: 1030px) 100vw, 1030px\" data-rel='gallery-1' data-prev-img='https:\/\/www.statussambashow.com.br\/site\/wp-content\/uploads\/2017\/09\/Evento-Roberta-24-090036-710x375.jpg' class='lightbox ' data-onclick='11' title='Evento Roberta 24 Bandeira Personalizada - Pavilh\u00e3o'  itemprop=\"thumbnailUrl\"  ><img decoding=\"async\" fetchpriority=\"high\" class=\"wp-image-5002 avia-img-lazy-loading-not-5002\"   src=\"https:\/\/www.statussambashow.com.br\/site\/wp-content\/uploads\/2017\/09\/Evento-Roberta-24-090036-495x400.jpg\" width=\"495\" height=\"400\"  title='Evento Roberta 24 Bandeira Personalizada - Pavilh\u00e3o' alt='Bandeira Personalizada - Pavilh\u00e3o - Boteco Didyo' srcset=\"https:\/\/www.statussambashow.com.br\/site\/wp-content\/uploads\/2017\/09\/Evento-Roberta-24-090036-495x400.jpg 495w, https:\/\/www.statussambashow.com.br\/site\/wp-content\/uploads\/2017\/09\/Evento-Roberta-24-090036-845x684.jpg 845w\" sizes=\"(max-width: 495px) 100vw, 495px\" \/><div class='big-prev-fake'><img decoding=\"async\" loading=\"lazy\" class=\"wp-image-5002 avia-img-lazy-loading-5002\"  width=\"710\" height=\"375\" src=\"https:\/\/www.statussambashow.com.br\/site\/wp-content\/uploads\/2017\/09\/Evento-Roberta-24-090036-710x375.jpg\" title='Evento Roberta 24 Bandeira Personalizada - Pavilh\u00e3o' alt='Bandeira Personalizada - Pavilh\u00e3o - Boteco Didyo' \/><\/div><\/a><\/div><\/div><br \/>\n<div  class='hr av-292had-83fc25082fa6f85c6dcc70da73ddea41 hr-default  avia-builder-el-5  el_after_av_gallery  avia-builder-el-last '><span class='hr-inner '><span class=\"hr-inner-style\"><\/span><\/span><\/div><\/p><\/div>\n","protected":false},"excerpt":{"rendered":"","protected":false},"author":3,"featured_media":4618,"comment_status":"closed","ping_status":"open","sticky":false,"template":"","format":"link","meta":{"_bbp_topic_count":0,"_bbp_reply_count":0,"_bbp_total_topic_count":0,"_bbp_total_reply_count":0,"_bbp_voice_count":0,"_bbp_anonymous_reply_count":0,"_bbp_topic_count_hidden":0,"_bbp_reply_count_hidden":0,"_bbp_forum_subforum_count":0,"_monsterinsights_skip_tracking":false,"_monsterinsights_sitenote_active":false,"_monsterinsights_sitenote_note":"","_monsterinsights_sitenote_category":0,"_jetpack_memberships_contains_paid_content":false,"footnotes":""},"categories":[15,53],"tags":[131,130,167,132,134],"class_list":["post-4613","post","type-post","status-publish","format-link","has-post-thumbnail","hentry","category-frontpage-article","category-noticias","tag-bandeira","tag-bandeira-personalizada","tag-brinde","tag-pavilhao","tag-promocao","post_format-post-format-link"],"yoast_head":"<!-- This site is optimized with the Yoast SEO plugin v23.3 - https:\/\/yoast.com\/wordpress\/plugins\/seo\/ -->\n<title>Bandeira Personalizada Gr\u00e1tis - Promo\u00e7\u00e3o - Status Samba Show<\/title>\n<meta name=\"description\" content=\"A Status Samba Show est\u00e1 com esta super promo\u00e7\u00e3o para seu clientes proporcionando uma Bandeira Personalizada gr\u00e1tis fechando qualquer pacote.\" \/>\n<meta name=\"robots\" content=\"index, follow, max-snippet:-1, max-image-preview:large, max-video-preview:-1\" \/>\n<link rel=\"canonical\" href=\"https:\/\/www.statussambashow.com.br\/site\/promocao-bandeira-pavilhao-personalizada-gratis\/\" \/>\n<meta property=\"og:locale\" content=\"pt_BR\" \/>\n<meta property=\"og:type\" content=\"article\" \/>\n<meta property=\"og:title\" content=\"Bandeira Personalizada Gr\u00e1tis - Promo\u00e7\u00e3o - Status Samba Show\" \/>\n<meta property=\"og:description\" content=\"A Status Samba Show est\u00e1 com esta super promo\u00e7\u00e3o para seu clientes proporcionando uma Bandeira Personalizada gr\u00e1tis fechando qualquer pacote.\" \/>\n<meta property=\"og:url\" content=\"https:\/\/www.statussambashow.com.br\/site\/promocao-bandeira-pavilhao-personalizada-gratis\/\" \/>\n<meta property=\"og:site_name\" content=\"Status Samba Show\" \/>\n<meta property=\"article:publisher\" content=\"https:\/\/www.facebook.com\/statussambashow\" \/>\n<meta property=\"article:published_time\" content=\"2024-05-16T18:10:08+00:00\" \/>\n<meta property=\"article:modified_time\" content=\"2024-06-07T19:56:28+00:00\" \/>\n<meta property=\"og:image\" content=\"https:\/\/www.statussambashow.com.br\/site\/wp-content\/uploads\/2015\/08\/promo\u00e7\u00e3o_facebook.jpg\" \/>\n\t<meta property=\"og:image:width\" content=\"1553\" \/>\n\t<meta property=\"og:image:height\" content=\"460\" \/>\n\t<meta property=\"og:image:type\" content=\"image\/jpeg\" \/>\n<meta name=\"author\" content=\"Status Samba Show\" \/>\n<meta name=\"twitter:card\" content=\"summary_large_image\" \/>\n<meta name=\"twitter:label1\" content=\"Escrito por\" \/>\n\t<meta name=\"twitter:data1\" content=\"Status Samba Show\" \/>\n\t<meta name=\"twitter:label2\" content=\"Est. tempo de leitura\" \/>\n\t<meta name=\"twitter:data2\" content=\"7 minutos\" \/>\n<script type=\"application\/ld+json\" class=\"yoast-schema-graph\">{\"@context\":\"https:\/\/schema.org\",\"@graph\":[{\"@type\":\"Article\",\"@id\":\"https:\/\/www.statussambashow.com.br\/site\/promocao-bandeira-pavilhao-personalizada-gratis\/#article\",\"isPartOf\":{\"@id\":\"https:\/\/www.statussambashow.com.br\/site\/promocao-bandeira-pavilhao-personalizada-gratis\/\"},\"author\":{\"name\":\"Status Samba Show\",\"@id\":\"http:\/\/www.statussambashow.com.br\/site\/#\/schema\/person\/13f5b52591c18648f6ad8dbd31c5565c\"},\"headline\":\"Bandeira Personalizada Gr\u00e1tis &#8211; Promo\u00e7\u00e3o\",\"datePublished\":\"2024-05-16T18:10:08+00:00\",\"dateModified\":\"2024-06-07T19:56:28+00:00\",\"mainEntityOfPage\":{\"@id\":\"https:\/\/www.statussambashow.com.br\/site\/promocao-bandeira-pavilhao-personalizada-gratis\/\"},\"wordCount\":563,\"publisher\":{\"@id\":\"http:\/\/www.statussambashow.com.br\/site\/#organization\"},\"image\":{\"@id\":\"https:\/\/www.statussambashow.com.br\/site\/promocao-bandeira-pavilhao-personalizada-gratis\/#primaryimage\"},\"thumbnailUrl\":\"https:\/\/www.statussambashow.com.br\/site\/wp-content\/uploads\/2015\/08\/promo\u00e7\u00e3o_facebook.jpg\",\"keywords\":[\"bandeira\",\"bandeira personalizada\",\"brinde\",\"pavilhao\",\"promo\u00e7\u00e3o\"],\"articleSection\":[\"Frontpage Article\",\"Not\u00edcias\"],\"inLanguage\":\"pt-BR\"},{\"@type\":\"WebPage\",\"@id\":\"https:\/\/www.statussambashow.com.br\/site\/promocao-bandeira-pavilhao-personalizada-gratis\/\",\"url\":\"https:\/\/www.statussambashow.com.br\/site\/promocao-bandeira-pavilhao-personalizada-gratis\/\",\"name\":\"Bandeira Personalizada Gr\u00e1tis - Promo\u00e7\u00e3o - Status Samba Show\",\"isPartOf\":{\"@id\":\"http:\/\/www.statussambashow.com.br\/site\/#website\"},\"primaryImageOfPage\":{\"@id\":\"https:\/\/www.statussambashow.com.br\/site\/promocao-bandeira-pavilhao-personalizada-gratis\/#primaryimage\"},\"image\":{\"@id\":\"https:\/\/www.statussambashow.com.br\/site\/promocao-bandeira-pavilhao-personalizada-gratis\/#primaryimage\"},\"thumbnailUrl\":\"https:\/\/www.statussambashow.com.br\/site\/wp-content\/uploads\/2015\/08\/promo\u00e7\u00e3o_facebook.jpg\",\"datePublished\":\"2024-05-16T18:10:08+00:00\",\"dateModified\":\"2024-06-07T19:56:28+00:00\",\"description\":\"A Status Samba Show est\u00e1 com esta super promo\u00e7\u00e3o para seu clientes proporcionando uma Bandeira Personalizada gr\u00e1tis fechando qualquer pacote.\",\"breadcrumb\":{\"@id\":\"https:\/\/www.statussambashow.com.br\/site\/promocao-bandeira-pavilhao-personalizada-gratis\/#breadcrumb\"},\"inLanguage\":\"pt-BR\",\"potentialAction\":[{\"@type\":\"ReadAction\",\"target\":[\"https:\/\/www.statussambashow.com.br\/site\/promocao-bandeira-pavilhao-personalizada-gratis\/\"]}]},{\"@type\":\"ImageObject\",\"inLanguage\":\"pt-BR\",\"@id\":\"https:\/\/www.statussambashow.com.br\/site\/promocao-bandeira-pavilhao-personalizada-gratis\/#primaryimage\",\"url\":\"https:\/\/www.statussambashow.com.br\/site\/wp-content\/uploads\/2015\/08\/promo\u00e7\u00e3o_facebook.jpg\",\"contentUrl\":\"https:\/\/www.statussambashow.com.br\/site\/wp-content\/uploads\/2015\/08\/promo\u00e7\u00e3o_facebook.jpg\",\"width\":1553,\"height\":460,\"caption\":\"Promo\u00e7\u00e3o bandeira personalizada gratis\"},{\"@type\":\"BreadcrumbList\",\"@id\":\"https:\/\/www.statussambashow.com.br\/site\/promocao-bandeira-pavilhao-personalizada-gratis\/#breadcrumb\",\"itemListElement\":[{\"@type\":\"ListItem\",\"position\":1,\"name\":\"In\u00edcio\",\"item\":\"http:\/\/www.statussambashow.com.br\/site\/\"},{\"@type\":\"ListItem\",\"position\":2,\"name\":\"Bandeira Personalizada Gr\u00e1tis &#8211; Promo\u00e7\u00e3o\"}]},{\"@type\":\"WebSite\",\"@id\":\"http:\/\/www.statussambashow.com.br\/site\/#website\",\"url\":\"http:\/\/www.statussambashow.com.br\/site\/\",\"name\":\"Status Samba Show\",\"description\":\"Bateria de Escola de Samba para Festas de Casamento, Formaturas, Festas de Debutantes e Festas de Anivers\u00e1rios.\",\"publisher\":{\"@id\":\"http:\/\/www.statussambashow.com.br\/site\/#organization\"},\"potentialAction\":[{\"@type\":\"SearchAction\",\"target\":{\"@type\":\"EntryPoint\",\"urlTemplate\":\"http:\/\/www.statussambashow.com.br\/site\/?s={search_term_string}\"},\"query-input\":\"required name=search_term_string\"}],\"inLanguage\":\"pt-BR\"},{\"@type\":\"Organization\",\"@id\":\"http:\/\/www.statussambashow.com.br\/site\/#organization\",\"name\":\"Status Samba Show\",\"url\":\"http:\/\/www.statussambashow.com.br\/site\/\",\"logo\":{\"@type\":\"ImageObject\",\"inLanguage\":\"pt-BR\",\"@id\":\"http:\/\/www.statussambashow.com.br\/site\/#\/schema\/logo\/image\/\",\"url\":\"http:\/\/www.statussambashow.com.br\/site\/wp-content\/uploads\/2019\/07\/logo_fundo_trans.png\",\"contentUrl\":\"http:\/\/www.statussambashow.com.br\/site\/wp-content\/uploads\/2019\/07\/logo_fundo_trans.png\",\"width\":1575,\"height\":1575,\"caption\":\"Status Samba Show\"},\"image\":{\"@id\":\"http:\/\/www.statussambashow.com.br\/site\/#\/schema\/logo\/image\/\"},\"sameAs\":[\"https:\/\/www.facebook.com\/statussambashow\",\"https:\/\/www.instagram.com\/statussambashow\/\"]},{\"@type\":\"Person\",\"@id\":\"http:\/\/www.statussambashow.com.br\/site\/#\/schema\/person\/13f5b52591c18648f6ad8dbd31c5565c\",\"name\":\"Status Samba Show\",\"url\":\"https:\/\/www.statussambashow.com.br\/site\/author\/status-samba-show\/\"}]}<\/script>\n<!-- \/ Yoast SEO plugin. -->","yoast_head_json":{"title":"Bandeira Personalizada Gr\u00e1tis - Promo\u00e7\u00e3o - Status Samba Show","description":"A Status Samba Show est\u00e1 com esta super promo\u00e7\u00e3o para seu clientes proporcionando uma Bandeira Personalizada gr\u00e1tis fechando qualquer pacote.","robots":{"index":"index","follow":"follow","max-snippet":"max-snippet:-1","max-image-preview":"max-image-preview:large","max-video-preview":"max-video-preview:-1"},"canonical":"https:\/\/www.statussambashow.com.br\/site\/promocao-bandeira-pavilhao-personalizada-gratis\/","og_locale":"pt_BR","og_type":"article","og_title":"Bandeira Personalizada Gr\u00e1tis - Promo\u00e7\u00e3o - Status Samba Show","og_description":"A Status Samba Show est\u00e1 com esta super promo\u00e7\u00e3o para seu clientes proporcionando uma Bandeira Personalizada gr\u00e1tis fechando qualquer pacote.","og_url":"https:\/\/www.statussambashow.com.br\/site\/promocao-bandeira-pavilhao-personalizada-gratis\/","og_site_name":"Status Samba Show","article_publisher":"https:\/\/www.facebook.com\/statussambashow","article_published_time":"2024-05-16T18:10:08+00:00","article_modified_time":"2024-06-07T19:56:28+00:00","og_image":[{"width":1553,"height":460,"url":"https:\/\/www.statussambashow.com.br\/site\/wp-content\/uploads\/2015\/08\/promo\u00e7\u00e3o_facebook.jpg","type":"image\/jpeg"}],"author":"Status Samba Show","twitter_card":"summary_large_image","twitter_misc":{"Escrito por":"Status Samba Show","Est. tempo de leitura":"7 minutos"},"schema":{"@context":"https:\/\/schema.org","@graph":[{"@type":"Article","@id":"https:\/\/www.statussambashow.com.br\/site\/promocao-bandeira-pavilhao-personalizada-gratis\/#article","isPartOf":{"@id":"https:\/\/www.statussambashow.com.br\/site\/promocao-bandeira-pavilhao-personalizada-gratis\/"},"author":{"name":"Status Samba Show","@id":"http:\/\/www.statussambashow.com.br\/site\/#\/schema\/person\/13f5b52591c18648f6ad8dbd31c5565c"},"headline":"Bandeira Personalizada Gr\u00e1tis &#8211; Promo\u00e7\u00e3o","datePublished":"2024-05-16T18:10:08+00:00","dateModified":"2024-06-07T19:56:28+00:00","mainEntityOfPage":{"@id":"https:\/\/www.statussambashow.com.br\/site\/promocao-bandeira-pavilhao-personalizada-gratis\/"},"wordCount":563,"publisher":{"@id":"http:\/\/www.statussambashow.com.br\/site\/#organization"},"image":{"@id":"https:\/\/www.statussambashow.com.br\/site\/promocao-bandeira-pavilhao-personalizada-gratis\/#primaryimage"},"thumbnailUrl":"https:\/\/www.statussambashow.com.br\/site\/wp-content\/uploads\/2015\/08\/promo\u00e7\u00e3o_facebook.jpg","keywords":["bandeira","bandeira personalizada","brinde","pavilhao","promo\u00e7\u00e3o"],"articleSection":["Frontpage Article","Not\u00edcias"],"inLanguage":"pt-BR"},{"@type":"WebPage","@id":"https:\/\/www.statussambashow.com.br\/site\/promocao-bandeira-pavilhao-personalizada-gratis\/","url":"https:\/\/www.statussambashow.com.br\/site\/promocao-bandeira-pavilhao-personalizada-gratis\/","name":"Bandeira Personalizada Gr\u00e1tis - Promo\u00e7\u00e3o - Status Samba Show","isPartOf":{"@id":"http:\/\/www.statussambashow.com.br\/site\/#website"},"primaryImageOfPage":{"@id":"https:\/\/www.statussambashow.com.br\/site\/promocao-bandeira-pavilhao-personalizada-gratis\/#primaryimage"},"image":{"@id":"https:\/\/www.statussambashow.com.br\/site\/promocao-bandeira-pavilhao-personalizada-gratis\/#primaryimage"},"thumbnailUrl":"https:\/\/www.statussambashow.com.br\/site\/wp-content\/uploads\/2015\/08\/promo\u00e7\u00e3o_facebook.jpg","datePublished":"2024-05-16T18:10:08+00:00","dateModified":"2024-06-07T19:56:28+00:00","description":"A Status Samba Show est\u00e1 com esta super promo\u00e7\u00e3o para seu clientes proporcionando uma Bandeira Personalizada gr\u00e1tis fechando qualquer pacote.","breadcrumb":{"@id":"https:\/\/www.statussambashow.com.br\/site\/promocao-bandeira-pavilhao-personalizada-gratis\/#breadcrumb"},"inLanguage":"pt-BR","potentialAction":[{"@type":"ReadAction","target":["https:\/\/www.statussambashow.com.br\/site\/promocao-bandeira-pavilhao-personalizada-gratis\/"]}]},{"@type":"ImageObject","inLanguage":"pt-BR","@id":"https:\/\/www.statussambashow.com.br\/site\/promocao-bandeira-pavilhao-personalizada-gratis\/#primaryimage","url":"https:\/\/www.statussambashow.com.br\/site\/wp-content\/uploads\/2015\/08\/promo\u00e7\u00e3o_facebook.jpg","contentUrl":"https:\/\/www.statussambashow.com.br\/site\/wp-content\/uploads\/2015\/08\/promo\u00e7\u00e3o_facebook.jpg","width":1553,"height":460,"caption":"Promo\u00e7\u00e3o bandeira personalizada gratis"},{"@type":"BreadcrumbList","@id":"https:\/\/www.statussambashow.com.br\/site\/promocao-bandeira-pavilhao-personalizada-gratis\/#breadcrumb","itemListElement":[{"@type":"ListItem","position":1,"name":"In\u00edcio","item":"http:\/\/www.statussambashow.com.br\/site\/"},{"@type":"ListItem","position":2,"name":"Bandeira Personalizada Gr\u00e1tis &#8211; Promo\u00e7\u00e3o"}]},{"@type":"WebSite","@id":"http:\/\/www.statussambashow.com.br\/site\/#website","url":"http:\/\/www.statussambashow.com.br\/site\/","name":"Status Samba Show","description":"Bateria de Escola de Samba para Festas de Casamento, Formaturas, Festas de Debutantes e Festas de Anivers\u00e1rios.","publisher":{"@id":"http:\/\/www.statussambashow.com.br\/site\/#organization"},"potentialAction":[{"@type":"SearchAction","target":{"@type":"EntryPoint","urlTemplate":"http:\/\/www.statussambashow.com.br\/site\/?s={search_term_string}"},"query-input":"required name=search_term_string"}],"inLanguage":"pt-BR"},{"@type":"Organization","@id":"http:\/\/www.statussambashow.com.br\/site\/#organization","name":"Status Samba Show","url":"http:\/\/www.statussambashow.com.br\/site\/","logo":{"@type":"ImageObject","inLanguage":"pt-BR","@id":"http:\/\/www.statussambashow.com.br\/site\/#\/schema\/logo\/image\/","url":"http:\/\/www.statussambashow.com.br\/site\/wp-content\/uploads\/2019\/07\/logo_fundo_trans.png","contentUrl":"http:\/\/www.statussambashow.com.br\/site\/wp-content\/uploads\/2019\/07\/logo_fundo_trans.png","width":1575,"height":1575,"caption":"Status Samba Show"},"image":{"@id":"http:\/\/www.statussambashow.com.br\/site\/#\/schema\/logo\/image\/"},"sameAs":["https:\/\/www.facebook.com\/statussambashow","https:\/\/www.instagram.com\/statussambashow\/"]},{"@type":"Person","@id":"http:\/\/www.statussambashow.com.br\/site\/#\/schema\/person\/13f5b52591c18648f6ad8dbd31c5565c","name":"Status Samba Show","url":"https:\/\/www.statussambashow.com.br\/site\/author\/status-samba-show\/"}]}},"jetpack_sharing_enabled":true,"jetpack_featured_media_url":"https:\/\/www.statussambashow.com.br\/site\/wp-content\/uploads\/2015\/08\/promo\u00e7\u00e3o_facebook.jpg","jetpack-related-posts":[],"_links":{"self":[{"href":"https:\/\/www.statussambashow.com.br\/site\/wp-json\/wp\/v2\/posts\/4613"}],"collection":[{"href":"https:\/\/www.statussambashow.com.br\/site\/wp-json\/wp\/v2\/posts"}],"about":[{"href":"https:\/\/www.statussambashow.com.br\/site\/wp-json\/wp\/v2\/types\/post"}],"author":[{"embeddable":true,"href":"https:\/\/www.statussambashow.com.br\/site\/wp-json\/wp\/v2\/users\/3"}],"replies":[{"embeddable":true,"href":"https:\/\/www.statussambashow.com.br\/site\/wp-json\/wp\/v2\/comments?post=4613"}],"version-history":[{"count":41,"href":"https:\/\/www.statussambashow.com.br\/site\/wp-json\/wp\/v2\/posts\/4613\/revisions"}],"predecessor-version":[{"id":477324,"href":"https:\/\/www.statussambashow.com.br\/site\/wp-json\/wp\/v2\/posts\/4613\/revisions\/477324"}],"wp:featuredmedia":[{"embeddable":true,"href":"https:\/\/www.statussambashow.com.br\/site\/wp-json\/wp\/v2\/media\/4618"}],"wp:attachment":[{"href":"https:\/\/www.statussambashow.com.br\/site\/wp-json\/wp\/v2\/media?parent=4613"}],"wp:term":[{"taxonomy":"category","embeddable":true,"href":"https:\/\/www.statussambashow.com.br\/site\/wp-json\/wp\/v2\/categories?post=4613"},{"taxonomy":"post_tag","embeddable":true,"href":"https:\/\/www.statussambashow.com.br\/site\/wp-json\/wp\/v2\/tags?post=4613"}],"curies":[{"name":"wp","href":"https:\/\/api.w.org\/{rel}","templated":true}]}}