{"id":5328,"date":"2020-10-27T17:48:23","date_gmt":"2020-10-27T20:48:23","guid":{"rendered":"http:\/\/www.statussambashow.com.br\/site\/?p=5328"},"modified":"2024-05-10T10:40:26","modified_gmt":"2024-05-10T13:40:26","slug":"live-programa-francamente-vany-franco","status":"publish","type":"post","link":"http:\/\/www.statussambashow.com.br\/site\/live-programa-francamente-vany-franco\/","title":{"rendered":"<b>Apresenta\u00e7\u00e3o em Live &#8211; Programa Vany Franco<\/b>"},"content":{"rendered":"\n<style type=\"text\/css\" data-created_by=\"avia_inline_auto\" id=\"style-css-av-kgsermfc-39db89f5b9e5c0806552dd40afd37d60\">\n#top .av-special-heading.av-kgsermfc-39db89f5b9e5c0806552dd40afd37d60{\npadding-bottom:10px;\n}\nbody .av-special-heading.av-kgsermfc-39db89f5b9e5c0806552dd40afd37d60 .av-special-heading-tag .heading-char{\nfont-size:25px;\n}\n.av-special-heading.av-kgsermfc-39db89f5b9e5c0806552dd40afd37d60 .av-subheading{\nfont-size:15px;\n}\n<\/style>\n<div  class='av-special-heading av-kgsermfc-39db89f5b9e5c0806552dd40afd37d60 av-special-heading-h2 meta-heading blockquote classic-quote  avia-builder-el-0  el_before_av_textblock  avia-builder-el-first '><h2 class='av-special-heading-tag'  itemprop=\"headline\"  >Live Programa Vany Franco<\/h2><div class=\"special-heading-border\"><div class=\"special-heading-inner-border\"><\/div><\/div><\/div>\n<section  class='av_textblock_section av-kgsflbx7-69104884a713d7338db3058f50d72ad5 '   itemscope=\"itemscope\" itemtype=\"https:\/\/schema.org\/BlogPosting\" itemprop=\"blogPost\" ><div class='avia_textblock'  itemprop=\"text\" ><p><span class='av_dropcap2 av-av_dropcap2-bd3e2e98007e8df5c1bbaff1392a902e'>E<\/span> m 30\/07\/2020 A <strong>STATUS SAMBA SHOW<\/strong>, teve o prazer de participar da <strong>LIVE<\/strong> do programa <strong>FRANCAMENTE<\/strong> apresentado pela Vany Franco pela <strong>TVILA<\/strong>.<\/p>\n<p>O Programa <strong>FRANCAMENTE<\/strong>, apresentado pela querid\u00edssima <strong>Vany Franco<\/strong>, onde a mesma recebe toda quinta-feira personalidades do carnaval para um bate papo aberto sobre os mais diversos temas geralmente ligados ao mundo do samba e carnaval.<\/p>\n<p>No dia 30\/07\/2020 o entrevistado principal foi o <strong>Hernane Siqueira<\/strong>, carnavalesco campe\u00e3o do Grupo de Acesso 2 de S\u00e3o Paulo com a escola de samba <strong>Lavap\u00e9s<\/strong>. Lavap\u00e9s que \u00e9 a primeira Escola de Samba fundada na cidade de S\u00e3o Paulo. O bate papo com Hernane Siqueira foi para falar sobre seu projeto <strong>A\u00e7\u00e3o Volunt\u00e1ria<\/strong> que visa a distribui\u00e7\u00e3o de mascaras para pessoas carentes em \u00e1reas de risco.<\/p>\n<p>Enfim, para finalizar esse papo descontra\u00eddo nada melhor do que colocar Samba na conversa, e no \u00faltimo bloco da Live entra a bateria nota 10 da <strong>Status Samba Show<\/strong> fazendo um samba de primeira qualidade, contando com a presen\u00e7a das passistas Nathany e Greice al\u00e9m do casal de Mestre Sala e Porta Bandeira Cley e Thaila.<\/p>\n<p>Confira o v\u00eddeo da participa\u00e7\u00e3o da Status Samba Show na Live e algumas fotos da participa\u00e7\u00e3o da Status Samba Show na Live:<\/p>\n<\/div><\/section>\n<div  class='avia-video av-kgsg0l66-4dd0cb1cbcc20715cb0369c15a232fc1 avia-video-16-9 av-no-preview-image avia-video-load-always av-lazyload-immediate av-lazyload-video-embed'  itemprop=\"video\" itemtype=\"https:\/\/schema.org\/VideoObject\"  data-original_url='https:\/\/www.youtube.com\/embed\/eTUhjuxE3hk'><script type='text\/html' class='av-video-tmpl'><div class='avia-iframe-wrap'><iframe loading=\"lazy\" title=\"STATUS SAMBA SHOW EM LIVE - PROGRAMA VANI FRANCO\" width=\"1500\" height=\"844\" src=\"https:\/\/www.youtube.com\/embed\/eTUhjuxE3hk?feature=oembed&autoplay=0&loop=0&controls=1&mute=0\" frameborder=\"0\" allow=\"accelerometer; autoplay; clipboard-write; encrypted-media; gyroscope; picture-in-picture\" allowfullscreen><\/iframe><\/div><\/script><div class='av-click-to-play-overlay'><div class=\"avia_playpause_icon\"><\/div><\/div><\/div>\n\n<style type=\"text\/css\" data-created_by=\"avia_inline_auto\" id=\"style-css-av-2b1niq-37b19ba0ce9f42c4e03ae7e91ec624e8\">\n#top .avia-gallery.av-2b1niq-37b19ba0ce9f42c4e03ae7e91ec624e8 .avia-gallery-thumb a{\nwidth:20%;\n}\n<\/style>\n<div  class='avia-gallery av-2b1niq-37b19ba0ce9f42c4e03ae7e91ec624e8 avia_animate_when_visible  avia-builder-el-3  el_after_av_video  avia-builder-el-last  avia_lazyload avia-gallery-animate avia-gallery-1'  itemprop=\"image\" itemscope=\"itemscope\" itemtype=\"https:\/\/schema.org\/ImageObject\" ><meta itemprop=\"contentURL\" content=\"http:\/\/www.statussambashow.com.br\/site\/live-programa-francamente-vany-franco\/\"><div class='avia-gallery-thumb'><a href=\"http:\/\/www.statussambashow.com.br\/site\/wp-content\/uploads\/2020\/10\/WhatsApp-Image-2020-09-30-at-12.14.14-2-1030x773.jpeg\" data-srcset=\"http:\/\/www.statussambashow.com.br\/site\/wp-content\/uploads\/2020\/10\/WhatsApp-Image-2020-09-30-at-12.14.14-2-1030x773.jpeg 1030w, http:\/\/www.statussambashow.com.br\/site\/wp-content\/uploads\/2020\/10\/WhatsApp-Image-2020-09-30-at-12.14.14-2-300x225.jpeg 300w, http:\/\/www.statussambashow.com.br\/site\/wp-content\/uploads\/2020\/10\/WhatsApp-Image-2020-09-30-at-12.14.14-2-768x576.jpeg 768w, http:\/\/www.statussambashow.com.br\/site\/wp-content\/uploads\/2020\/10\/WhatsApp-Image-2020-09-30-at-12.14.14-2-705x529.jpeg 705w, http:\/\/www.statussambashow.com.br\/site\/wp-content\/uploads\/2020\/10\/WhatsApp-Image-2020-09-30-at-12.14.14-2-450x338.jpeg 450w, http:\/\/www.statussambashow.com.br\/site\/wp-content\/uploads\/2020\/10\/WhatsApp-Image-2020-09-30-at-12.14.14-2.jpeg 1152w\" data-sizes=\"(max-width: 1030px) 100vw, 1030px\" data-rel='gallery-1' data-prev-img='http:\/\/www.statussambashow.com.br\/site\/wp-content\/uploads\/2020\/10\/WhatsApp-Image-2020-09-30-at-12.14.14-2-495x400.jpeg' class='first_thumb lightbox ' data-onclick='1' title='Bateria, Cantor , Mulatas e Casal de Mestre Sala e Porta Bandeira'  itemprop=\"thumbnailUrl\"  ><img decoding=\"async\" fetchpriority=\"high\" class=\"wp-image-5329 avia-img-lazy-loading-not-5329\"  data-avia-tooltip='Bateria, Cantor , Mulatas e Casal de Mestre Sala e Porta Bandeira' src=\"http:\/\/www.statussambashow.com.br\/site\/wp-content\/uploads\/2020\/10\/WhatsApp-Image-2020-09-30-at-12.14.14-2-495x400.jpeg\" width=\"495\" height=\"400\"  title='WhatsApp Image 2020-09-30 at 12.14.14 (2)' alt='' srcset=\"http:\/\/www.statussambashow.com.br\/site\/wp-content\/uploads\/2020\/10\/WhatsApp-Image-2020-09-30-at-12.14.14-2-495x400.jpeg 495w, http:\/\/www.statussambashow.com.br\/site\/wp-content\/uploads\/2020\/10\/WhatsApp-Image-2020-09-30-at-12.14.14-2-845x684.jpeg 845w\" sizes=\"(max-width: 495px) 100vw, 495px\" \/><div class='big-prev-fake'><img decoding=\"async\" loading=\"lazy\" class=\"wp-image-5329 avia-img-lazy-loading-5329\"  width=\"495\" height=\"400\" src=\"http:\/\/www.statussambashow.com.br\/site\/wp-content\/uploads\/2020\/10\/WhatsApp-Image-2020-09-30-at-12.14.14-2-495x400.jpeg\" title='WhatsApp Image 2020-09-30 at 12.14.14 (2)' alt='' srcset=\"http:\/\/www.statussambashow.com.br\/site\/wp-content\/uploads\/2020\/10\/WhatsApp-Image-2020-09-30-at-12.14.14-2-495x400.jpeg 495w, http:\/\/www.statussambashow.com.br\/site\/wp-content\/uploads\/2020\/10\/WhatsApp-Image-2020-09-30-at-12.14.14-2-845x684.jpeg 845w\" sizes=\"(max-width: 495px) 100vw, 495px\" \/><\/div><\/a><a href=\"http:\/\/www.statussambashow.com.br\/site\/wp-content\/uploads\/2020\/10\/WhatsApp-Image-2020-09-30-at-12.14.14-3-773x1030.jpeg\" data-srcset=\"http:\/\/www.statussambashow.com.br\/site\/wp-content\/uploads\/2020\/10\/WhatsApp-Image-2020-09-30-at-12.14.14-3-773x1030.jpeg 773w, http:\/\/www.statussambashow.com.br\/site\/wp-content\/uploads\/2020\/10\/WhatsApp-Image-2020-09-30-at-12.14.14-3-225x300.jpeg 225w, http:\/\/www.statussambashow.com.br\/site\/wp-content\/uploads\/2020\/10\/WhatsApp-Image-2020-09-30-at-12.14.14-3-768x1024.jpeg 768w, http:\/\/www.statussambashow.com.br\/site\/wp-content\/uploads\/2020\/10\/WhatsApp-Image-2020-09-30-at-12.14.14-3-529x705.jpeg 529w, http:\/\/www.statussambashow.com.br\/site\/wp-content\/uploads\/2020\/10\/WhatsApp-Image-2020-09-30-at-12.14.14-3-450x600.jpeg 450w, http:\/\/www.statussambashow.com.br\/site\/wp-content\/uploads\/2020\/10\/WhatsApp-Image-2020-09-30-at-12.14.14-3.jpeg 864w\" data-sizes=\"(max-width: 773px) 100vw, 773px\" data-rel='gallery-1' data-prev-img='http:\/\/www.statussambashow.com.br\/site\/wp-content\/uploads\/2020\/10\/WhatsApp-Image-2020-09-30-at-12.14.14-3-495x400.jpeg' class='lightbox ' data-onclick='2' title='Mulatas e Casal de Mestre Sala e Porta Bandeira'  itemprop=\"thumbnailUrl\"  ><img decoding=\"async\" fetchpriority=\"high\" class=\"wp-image-5330 avia-img-lazy-loading-not-5330\"  data-avia-tooltip='Mulatas e Casal de Mestre Sala e Porta Bandeira' src=\"http:\/\/www.statussambashow.com.br\/site\/wp-content\/uploads\/2020\/10\/WhatsApp-Image-2020-09-30-at-12.14.14-3-495x400.jpeg\" width=\"495\" height=\"400\"  title='WhatsApp Image 2020-09-30 at 12.14.14 (3)' alt='Live Vany Franco - Mulatas e Casal de Mestre Sala e Porta Bandeira' srcset=\"http:\/\/www.statussambashow.com.br\/site\/wp-content\/uploads\/2020\/10\/WhatsApp-Image-2020-09-30-at-12.14.14-3-495x400.jpeg 495w, http:\/\/www.statussambashow.com.br\/site\/wp-content\/uploads\/2020\/10\/WhatsApp-Image-2020-09-30-at-12.14.14-3-845x684.jpeg 845w\" sizes=\"(max-width: 495px) 100vw, 495px\" \/><div class='big-prev-fake'><img decoding=\"async\" loading=\"lazy\" class=\"wp-image-5330 avia-img-lazy-loading-5330\"  width=\"495\" height=\"400\" src=\"http:\/\/www.statussambashow.com.br\/site\/wp-content\/uploads\/2020\/10\/WhatsApp-Image-2020-09-30-at-12.14.14-3-495x400.jpeg\" title='WhatsApp Image 2020-09-30 at 12.14.14 (3)' alt='Live Vany Franco - Mulatas e Casal de Mestre Sala e Porta Bandeira' srcset=\"http:\/\/www.statussambashow.com.br\/site\/wp-content\/uploads\/2020\/10\/WhatsApp-Image-2020-09-30-at-12.14.14-3-495x400.jpeg 495w, http:\/\/www.statussambashow.com.br\/site\/wp-content\/uploads\/2020\/10\/WhatsApp-Image-2020-09-30-at-12.14.14-3-845x684.jpeg 845w\" sizes=\"(max-width: 495px) 100vw, 495px\" \/><\/div><\/a><a href=\"http:\/\/www.statussambashow.com.br\/site\/wp-content\/uploads\/2020\/10\/WhatsApp-Image-2020-09-30-at-12.14.15-1-1030x773.jpeg\" data-srcset=\"http:\/\/www.statussambashow.com.br\/site\/wp-content\/uploads\/2020\/10\/WhatsApp-Image-2020-09-30-at-12.14.15-1-1030x773.jpeg 1030w, http:\/\/www.statussambashow.com.br\/site\/wp-content\/uploads\/2020\/10\/WhatsApp-Image-2020-09-30-at-12.14.15-1-300x225.jpeg 300w, http:\/\/www.statussambashow.com.br\/site\/wp-content\/uploads\/2020\/10\/WhatsApp-Image-2020-09-30-at-12.14.15-1-768x576.jpeg 768w, http:\/\/www.statussambashow.com.br\/site\/wp-content\/uploads\/2020\/10\/WhatsApp-Image-2020-09-30-at-12.14.15-1-705x529.jpeg 705w, http:\/\/www.statussambashow.com.br\/site\/wp-content\/uploads\/2020\/10\/WhatsApp-Image-2020-09-30-at-12.14.15-1-450x338.jpeg 450w, http:\/\/www.statussambashow.com.br\/site\/wp-content\/uploads\/2020\/10\/WhatsApp-Image-2020-09-30-at-12.14.15-1.jpeg 1152w\" data-sizes=\"(max-width: 1030px) 100vw, 1030px\" data-rel='gallery-1' data-prev-img='http:\/\/www.statussambashow.com.br\/site\/wp-content\/uploads\/2020\/10\/WhatsApp-Image-2020-09-30-at-12.14.15-1-495x400.jpeg' class='lightbox ' data-onclick='3' title='Hernane Siqueira respondendo quest\u00f5es de Vany Franco'  itemprop=\"thumbnailUrl\"  ><img decoding=\"async\" fetchpriority=\"high\" class=\"wp-image-5331 avia-img-lazy-loading-not-5331\"  data-avia-tooltip='Hernane Siqueira respondendo quest\u00f5es de Vany Franco' src=\"http:\/\/www.statussambashow.com.br\/site\/wp-content\/uploads\/2020\/10\/WhatsApp-Image-2020-09-30-at-12.14.15-1-495x400.jpeg\" width=\"495\" height=\"400\"  title='WhatsApp Image 2020-09-30 at 12.14.15 (1)' alt='Live Vany Franco - Bateria , Mulatas e Casal de Mestre Sala e Porta Bandeira' srcset=\"http:\/\/www.statussambashow.com.br\/site\/wp-content\/uploads\/2020\/10\/WhatsApp-Image-2020-09-30-at-12.14.15-1-495x400.jpeg 495w, http:\/\/www.statussambashow.com.br\/site\/wp-content\/uploads\/2020\/10\/WhatsApp-Image-2020-09-30-at-12.14.15-1-845x684.jpeg 845w\" sizes=\"(max-width: 495px) 100vw, 495px\" \/><div class='big-prev-fake'><img decoding=\"async\" loading=\"lazy\" class=\"wp-image-5331 avia-img-lazy-loading-5331\"  width=\"495\" height=\"400\" src=\"http:\/\/www.statussambashow.com.br\/site\/wp-content\/uploads\/2020\/10\/WhatsApp-Image-2020-09-30-at-12.14.15-1-495x400.jpeg\" title='WhatsApp Image 2020-09-30 at 12.14.15 (1)' alt='Live Vany Franco - Bateria , Mulatas e Casal de Mestre Sala e Porta Bandeira' srcset=\"http:\/\/www.statussambashow.com.br\/site\/wp-content\/uploads\/2020\/10\/WhatsApp-Image-2020-09-30-at-12.14.15-1-495x400.jpeg 495w, http:\/\/www.statussambashow.com.br\/site\/wp-content\/uploads\/2020\/10\/WhatsApp-Image-2020-09-30-at-12.14.15-1-845x684.jpeg 845w\" sizes=\"(max-width: 495px) 100vw, 495px\" \/><\/div><\/a><a href=\"http:\/\/www.statussambashow.com.br\/site\/wp-content\/uploads\/2020\/10\/WhatsApp-Image-2020-09-30-at-12.14.15-3-1030x773.jpeg\" data-srcset=\"http:\/\/www.statussambashow.com.br\/site\/wp-content\/uploads\/2020\/10\/WhatsApp-Image-2020-09-30-at-12.14.15-3-1030x773.jpeg 1030w, http:\/\/www.statussambashow.com.br\/site\/wp-content\/uploads\/2020\/10\/WhatsApp-Image-2020-09-30-at-12.14.15-3-300x225.jpeg 300w, http:\/\/www.statussambashow.com.br\/site\/wp-content\/uploads\/2020\/10\/WhatsApp-Image-2020-09-30-at-12.14.15-3-768x576.jpeg 768w, http:\/\/www.statussambashow.com.br\/site\/wp-content\/uploads\/2020\/10\/WhatsApp-Image-2020-09-30-at-12.14.15-3-705x529.jpeg 705w, http:\/\/www.statussambashow.com.br\/site\/wp-content\/uploads\/2020\/10\/WhatsApp-Image-2020-09-30-at-12.14.15-3-450x338.jpeg 450w, http:\/\/www.statussambashow.com.br\/site\/wp-content\/uploads\/2020\/10\/WhatsApp-Image-2020-09-30-at-12.14.15-3.jpeg 1152w\" data-sizes=\"(max-width: 1030px) 100vw, 1030px\" data-rel='gallery-1' data-prev-img='http:\/\/www.statussambashow.com.br\/site\/wp-content\/uploads\/2020\/10\/WhatsApp-Image-2020-09-30-at-12.14.15-3-495x400.jpeg' class='lightbox ' data-onclick='4' title='Pose pra foto'  itemprop=\"thumbnailUrl\"  ><img decoding=\"async\" fetchpriority=\"high\" class=\"wp-image-5332 avia-img-lazy-loading-not-5332\"  data-avia-tooltip='Pose pra foto' src=\"http:\/\/www.statussambashow.com.br\/site\/wp-content\/uploads\/2020\/10\/WhatsApp-Image-2020-09-30-at-12.14.15-3-495x400.jpeg\" width=\"495\" height=\"400\"  title='WhatsApp Image 2020-09-30 at 12.14.15 (3)' alt='Live Vany Franco - Bateria , Mulatas e Casal de Mestre Sala e Porta Bandeira 02' srcset=\"http:\/\/www.statussambashow.com.br\/site\/wp-content\/uploads\/2020\/10\/WhatsApp-Image-2020-09-30-at-12.14.15-3-495x400.jpeg 495w, http:\/\/www.statussambashow.com.br\/site\/wp-content\/uploads\/2020\/10\/WhatsApp-Image-2020-09-30-at-12.14.15-3-845x684.jpeg 845w\" sizes=\"(max-width: 495px) 100vw, 495px\" \/><div class='big-prev-fake'><img decoding=\"async\" loading=\"lazy\" class=\"wp-image-5332 avia-img-lazy-loading-5332\"  width=\"495\" height=\"400\" src=\"http:\/\/www.statussambashow.com.br\/site\/wp-content\/uploads\/2020\/10\/WhatsApp-Image-2020-09-30-at-12.14.15-3-495x400.jpeg\" title='WhatsApp Image 2020-09-30 at 12.14.15 (3)' alt='Live Vany Franco - Bateria , Mulatas e Casal de Mestre Sala e Porta Bandeira 02' srcset=\"http:\/\/www.statussambashow.com.br\/site\/wp-content\/uploads\/2020\/10\/WhatsApp-Image-2020-09-30-at-12.14.15-3-495x400.jpeg 495w, http:\/\/www.statussambashow.com.br\/site\/wp-content\/uploads\/2020\/10\/WhatsApp-Image-2020-09-30-at-12.14.15-3-845x684.jpeg 845w\" sizes=\"(max-width: 495px) 100vw, 495px\" \/><\/div><\/a><a href=\"http:\/\/www.statussambashow.com.br\/site\/wp-content\/uploads\/2020\/10\/WhatsApp-Image-2020-09-30-at-12.19.15-1-1030x773.jpeg\" data-srcset=\"http:\/\/www.statussambashow.com.br\/site\/wp-content\/uploads\/2020\/10\/WhatsApp-Image-2020-09-30-at-12.19.15-1-1030x773.jpeg 1030w, http:\/\/www.statussambashow.com.br\/site\/wp-content\/uploads\/2020\/10\/WhatsApp-Image-2020-09-30-at-12.19.15-1-300x225.jpeg 300w, http:\/\/www.statussambashow.com.br\/site\/wp-content\/uploads\/2020\/10\/WhatsApp-Image-2020-09-30-at-12.19.15-1-768x576.jpeg 768w, http:\/\/www.statussambashow.com.br\/site\/wp-content\/uploads\/2020\/10\/WhatsApp-Image-2020-09-30-at-12.19.15-1-705x529.jpeg 705w, http:\/\/www.statussambashow.com.br\/site\/wp-content\/uploads\/2020\/10\/WhatsApp-Image-2020-09-30-at-12.19.15-1-450x338.jpeg 450w, http:\/\/www.statussambashow.com.br\/site\/wp-content\/uploads\/2020\/10\/WhatsApp-Image-2020-09-30-at-12.19.15-1.jpeg 1152w\" data-sizes=\"(max-width: 1030px) 100vw, 1030px\" data-rel='gallery-1' data-prev-img='http:\/\/www.statussambashow.com.br\/site\/wp-content\/uploads\/2020\/10\/WhatsApp-Image-2020-09-30-at-12.19.15-1-495x400.jpeg' class='lightbox ' data-onclick='5' title='Bateria, Cantor , Mulatas e Casal de Mestre Sala e Porta Bandeira em A\u00e7\u00e3o'  itemprop=\"thumbnailUrl\"  ><img decoding=\"async\" fetchpriority=\"high\" class=\"wp-image-5334 avia-img-lazy-loading-not-5334\"  data-avia-tooltip='Bateria, Cantor , Mulatas e Casal de Mestre Sala e Porta Bandeira em A\u00e7\u00e3o' src=\"http:\/\/www.statussambashow.com.br\/site\/wp-content\/uploads\/2020\/10\/WhatsApp-Image-2020-09-30-at-12.19.15-1-495x400.jpeg\" width=\"495\" height=\"400\"  title='WhatsApp Image 2020-09-30 at 12.19.15 (1)' alt='Live Vany Franco - Bateria , Mulatas e Casal de Mestre Sala e Porta Bandeira em A\u00e7\u00e3o' srcset=\"http:\/\/www.statussambashow.com.br\/site\/wp-content\/uploads\/2020\/10\/WhatsApp-Image-2020-09-30-at-12.19.15-1-495x400.jpeg 495w, http:\/\/www.statussambashow.com.br\/site\/wp-content\/uploads\/2020\/10\/WhatsApp-Image-2020-09-30-at-12.19.15-1-845x684.jpeg 845w\" sizes=\"(max-width: 495px) 100vw, 495px\" \/><div class='big-prev-fake'><img decoding=\"async\" loading=\"lazy\" class=\"wp-image-5334 avia-img-lazy-loading-5334\"  width=\"495\" height=\"400\" src=\"http:\/\/www.statussambashow.com.br\/site\/wp-content\/uploads\/2020\/10\/WhatsApp-Image-2020-09-30-at-12.19.15-1-495x400.jpeg\" title='WhatsApp Image 2020-09-30 at 12.19.15 (1)' alt='Live Vany Franco - Bateria , Mulatas e Casal de Mestre Sala e Porta Bandeira em A\u00e7\u00e3o' srcset=\"http:\/\/www.statussambashow.com.br\/site\/wp-content\/uploads\/2020\/10\/WhatsApp-Image-2020-09-30-at-12.19.15-1-495x400.jpeg 495w, http:\/\/www.statussambashow.com.br\/site\/wp-content\/uploads\/2020\/10\/WhatsApp-Image-2020-09-30-at-12.19.15-1-845x684.jpeg 845w\" sizes=\"(max-width: 495px) 100vw, 495px\" \/><\/div><\/a><\/div><\/div>\n","protected":false},"excerpt":{"rendered":"","protected":false},"author":1,"featured_media":5339,"comment_status":"closed","ping_status":"open","sticky":false,"template":"","format":"standard","meta":{"_bbp_topic_count":0,"_bbp_reply_count":0,"_bbp_total_topic_count":0,"_bbp_total_reply_count":0,"_bbp_voice_count":0,"_bbp_anonymous_reply_count":0,"_bbp_topic_count_hidden":0,"_bbp_reply_count_hidden":0,"_bbp_forum_subforum_count":0,"_monsterinsights_skip_tracking":false,"_monsterinsights_sitenote_active":false,"_monsterinsights_sitenote_note":"","_monsterinsights_sitenote_category":0,"_jetpack_memberships_contains_paid_content":false,"footnotes":""},"categories":[15,53],"tags":[86,170],"class_list":["post-5328","post","type-post","status-publish","format-standard","has-post-thumbnail","hentry","category-frontpage-article","category-noticias","tag-bateria-de-escola-de-samba-em-casamento","tag-live-vany-franco"],"yoast_head":"<!-- This site is optimized with the Yoast SEO plugin v23.3 - https:\/\/yoast.com\/wordpress\/plugins\/seo\/ -->\n<title>Apresenta\u00e7\u00e3o em Live - Programa Vany Franco - Status Samba Show<\/title>\n<meta name=\"description\" content=\"Partipa\u00e7\u00e3o da equipe de Samba Show em Live do Programa Francamente apresentado pela Vany Franco. Live realizada em 30\/07\/2020\" \/>\n<meta name=\"robots\" content=\"index, follow, max-snippet:-1, max-image-preview:large, max-video-preview:-1\" \/>\n<link rel=\"canonical\" href=\"http:\/\/www.statussambashow.com.br\/site\/live-programa-francamente-vany-franco\/\" \/>\n<meta property=\"og:locale\" content=\"pt_BR\" \/>\n<meta property=\"og:type\" content=\"article\" \/>\n<meta property=\"og:title\" content=\"Apresenta\u00e7\u00e3o em Live - Programa Vany Franco - Status Samba Show\" \/>\n<meta property=\"og:description\" content=\"Partipa\u00e7\u00e3o da equipe de Samba Show em Live do Programa Francamente apresentado pela Vany Franco. Live realizada em 30\/07\/2020\" \/>\n<meta property=\"og:url\" content=\"http:\/\/www.statussambashow.com.br\/site\/live-programa-francamente-vany-franco\/\" \/>\n<meta property=\"og:site_name\" content=\"Status Samba Show\" \/>\n<meta property=\"article:publisher\" content=\"https:\/\/www.facebook.com\/statussambashow\" \/>\n<meta property=\"article:published_time\" content=\"2020-10-27T20:48:23+00:00\" \/>\n<meta property=\"article:modified_time\" content=\"2024-05-10T13:40:26+00:00\" \/>\n<meta property=\"og:image\" content=\"http:\/\/www.statussambashow.com.br\/site\/wp-content\/uploads\/2020\/10\/Live-Vani-Franco.jpg\" \/>\n\t<meta property=\"og:image:width\" content=\"1280\" \/>\n\t<meta property=\"og:image:height\" content=\"720\" \/>\n\t<meta property=\"og:image:type\" content=\"image\/jpeg\" \/>\n<meta name=\"author\" content=\"Administrador\" \/>\n<meta name=\"twitter:card\" content=\"summary_large_image\" \/>\n<meta name=\"twitter:label1\" content=\"Escrito por\" \/>\n\t<meta name=\"twitter:data1\" content=\"Administrador\" \/>\n\t<meta name=\"twitter:label2\" content=\"Est. tempo de leitura\" \/>\n\t<meta name=\"twitter:data2\" content=\"2 minutos\" \/>\n<script type=\"application\/ld+json\" class=\"yoast-schema-graph\">{\"@context\":\"https:\/\/schema.org\",\"@graph\":[{\"@type\":\"Article\",\"@id\":\"http:\/\/www.statussambashow.com.br\/site\/live-programa-francamente-vany-franco\/#article\",\"isPartOf\":{\"@id\":\"http:\/\/www.statussambashow.com.br\/site\/live-programa-francamente-vany-franco\/\"},\"author\":{\"name\":\"Administrador\",\"@id\":\"http:\/\/www.statussambashow.com.br\/site\/#\/schema\/person\/8d860510e8152ed05851b512fea9cce4\"},\"headline\":\"Apresenta\u00e7\u00e3o em Live &#8211; Programa Vany Franco\",\"datePublished\":\"2020-10-27T20:48:23+00:00\",\"dateModified\":\"2024-05-10T13:40:26+00:00\",\"mainEntityOfPage\":{\"@id\":\"http:\/\/www.statussambashow.com.br\/site\/live-programa-francamente-vany-franco\/\"},\"wordCount\":348,\"publisher\":{\"@id\":\"http:\/\/www.statussambashow.com.br\/site\/#organization\"},\"image\":{\"@id\":\"http:\/\/www.statussambashow.com.br\/site\/live-programa-francamente-vany-franco\/#primaryimage\"},\"thumbnailUrl\":\"http:\/\/www.statussambashow.com.br\/site\/wp-content\/uploads\/2020\/10\/Live-Vani-Franco.jpg\",\"keywords\":[\"bateria de escola de samba em casamento\",\"live vany franco\"],\"articleSection\":[\"Frontpage Article\",\"Not\u00edcias\"],\"inLanguage\":\"pt-BR\"},{\"@type\":\"WebPage\",\"@id\":\"http:\/\/www.statussambashow.com.br\/site\/live-programa-francamente-vany-franco\/\",\"url\":\"http:\/\/www.statussambashow.com.br\/site\/live-programa-francamente-vany-franco\/\",\"name\":\"Apresenta\u00e7\u00e3o em Live - Programa Vany Franco - Status Samba Show\",\"isPartOf\":{\"@id\":\"http:\/\/www.statussambashow.com.br\/site\/#website\"},\"primaryImageOfPage\":{\"@id\":\"http:\/\/www.statussambashow.com.br\/site\/live-programa-francamente-vany-franco\/#primaryimage\"},\"image\":{\"@id\":\"http:\/\/www.statussambashow.com.br\/site\/live-programa-francamente-vany-franco\/#primaryimage\"},\"thumbnailUrl\":\"http:\/\/www.statussambashow.com.br\/site\/wp-content\/uploads\/2020\/10\/Live-Vani-Franco.jpg\",\"datePublished\":\"2020-10-27T20:48:23+00:00\",\"dateModified\":\"2024-05-10T13:40:26+00:00\",\"description\":\"Partipa\u00e7\u00e3o da equipe de Samba Show em Live do Programa Francamente apresentado pela Vany Franco. Live realizada em 30\/07\/2020\",\"breadcrumb\":{\"@id\":\"http:\/\/www.statussambashow.com.br\/site\/live-programa-francamente-vany-franco\/#breadcrumb\"},\"inLanguage\":\"pt-BR\",\"potentialAction\":[{\"@type\":\"ReadAction\",\"target\":[\"http:\/\/www.statussambashow.com.br\/site\/live-programa-francamente-vany-franco\/\"]}]},{\"@type\":\"ImageObject\",\"inLanguage\":\"pt-BR\",\"@id\":\"http:\/\/www.statussambashow.com.br\/site\/live-programa-francamente-vany-franco\/#primaryimage\",\"url\":\"http:\/\/www.statussambashow.com.br\/site\/wp-content\/uploads\/2020\/10\/Live-Vani-Franco.jpg\",\"contentUrl\":\"http:\/\/www.statussambashow.com.br\/site\/wp-content\/uploads\/2020\/10\/Live-Vani-Franco.jpg\",\"width\":1280,\"height\":720,\"caption\":\"LIVE PROGRAMA VANY FRANCO\"},{\"@type\":\"BreadcrumbList\",\"@id\":\"http:\/\/www.statussambashow.com.br\/site\/live-programa-francamente-vany-franco\/#breadcrumb\",\"itemListElement\":[{\"@type\":\"ListItem\",\"position\":1,\"name\":\"In\u00edcio\",\"item\":\"http:\/\/www.statussambashow.com.br\/site\/\"},{\"@type\":\"ListItem\",\"position\":2,\"name\":\"Apresenta\u00e7\u00e3o em Live &#8211; Programa Vany Franco\"}]},{\"@type\":\"WebSite\",\"@id\":\"http:\/\/www.statussambashow.com.br\/site\/#website\",\"url\":\"http:\/\/www.statussambashow.com.br\/site\/\",\"name\":\"Status Samba Show\",\"description\":\"Bateria de Escola de Samba para Festas de Casamento, Formaturas, Festas de Debutantes e Festas de Anivers\u00e1rios.\",\"publisher\":{\"@id\":\"http:\/\/www.statussambashow.com.br\/site\/#organization\"},\"potentialAction\":[{\"@type\":\"SearchAction\",\"target\":{\"@type\":\"EntryPoint\",\"urlTemplate\":\"http:\/\/www.statussambashow.com.br\/site\/?s={search_term_string}\"},\"query-input\":\"required name=search_term_string\"}],\"inLanguage\":\"pt-BR\"},{\"@type\":\"Organization\",\"@id\":\"http:\/\/www.statussambashow.com.br\/site\/#organization\",\"name\":\"Status Samba Show\",\"url\":\"http:\/\/www.statussambashow.com.br\/site\/\",\"logo\":{\"@type\":\"ImageObject\",\"inLanguage\":\"pt-BR\",\"@id\":\"http:\/\/www.statussambashow.com.br\/site\/#\/schema\/logo\/image\/\",\"url\":\"http:\/\/www.statussambashow.com.br\/site\/wp-content\/uploads\/2019\/07\/logo_fundo_trans.png\",\"contentUrl\":\"http:\/\/www.statussambashow.com.br\/site\/wp-content\/uploads\/2019\/07\/logo_fundo_trans.png\",\"width\":1575,\"height\":1575,\"caption\":\"Status Samba Show\"},\"image\":{\"@id\":\"http:\/\/www.statussambashow.com.br\/site\/#\/schema\/logo\/image\/\"},\"sameAs\":[\"https:\/\/www.facebook.com\/statussambashow\",\"https:\/\/www.instagram.com\/statussambashow\/\"]},{\"@type\":\"Person\",\"@id\":\"http:\/\/www.statussambashow.com.br\/site\/#\/schema\/person\/8d860510e8152ed05851b512fea9cce4\",\"name\":\"Administrador\",\"url\":\"http:\/\/www.statussambashow.com.br\/site\/author\/admin\/\"}]}<\/script>\n<!-- \/ Yoast SEO plugin. -->","yoast_head_json":{"title":"Apresenta\u00e7\u00e3o em Live - Programa Vany Franco - Status Samba Show","description":"Partipa\u00e7\u00e3o da equipe de Samba Show em Live do Programa Francamente apresentado pela Vany Franco. Live realizada em 30\/07\/2020","robots":{"index":"index","follow":"follow","max-snippet":"max-snippet:-1","max-image-preview":"max-image-preview:large","max-video-preview":"max-video-preview:-1"},"canonical":"http:\/\/www.statussambashow.com.br\/site\/live-programa-francamente-vany-franco\/","og_locale":"pt_BR","og_type":"article","og_title":"Apresenta\u00e7\u00e3o em Live - Programa Vany Franco - Status Samba Show","og_description":"Partipa\u00e7\u00e3o da equipe de Samba Show em Live do Programa Francamente apresentado pela Vany Franco. Live realizada em 30\/07\/2020","og_url":"http:\/\/www.statussambashow.com.br\/site\/live-programa-francamente-vany-franco\/","og_site_name":"Status Samba Show","article_publisher":"https:\/\/www.facebook.com\/statussambashow","article_published_time":"2020-10-27T20:48:23+00:00","article_modified_time":"2024-05-10T13:40:26+00:00","og_image":[{"width":1280,"height":720,"url":"http:\/\/www.statussambashow.com.br\/site\/wp-content\/uploads\/2020\/10\/Live-Vani-Franco.jpg","type":"image\/jpeg"}],"author":"Administrador","twitter_card":"summary_large_image","twitter_misc":{"Escrito por":"Administrador","Est. tempo de leitura":"2 minutos"},"schema":{"@context":"https:\/\/schema.org","@graph":[{"@type":"Article","@id":"http:\/\/www.statussambashow.com.br\/site\/live-programa-francamente-vany-franco\/#article","isPartOf":{"@id":"http:\/\/www.statussambashow.com.br\/site\/live-programa-francamente-vany-franco\/"},"author":{"name":"Administrador","@id":"http:\/\/www.statussambashow.com.br\/site\/#\/schema\/person\/8d860510e8152ed05851b512fea9cce4"},"headline":"Apresenta\u00e7\u00e3o em Live &#8211; Programa Vany Franco","datePublished":"2020-10-27T20:48:23+00:00","dateModified":"2024-05-10T13:40:26+00:00","mainEntityOfPage":{"@id":"http:\/\/www.statussambashow.com.br\/site\/live-programa-francamente-vany-franco\/"},"wordCount":348,"publisher":{"@id":"http:\/\/www.statussambashow.com.br\/site\/#organization"},"image":{"@id":"http:\/\/www.statussambashow.com.br\/site\/live-programa-francamente-vany-franco\/#primaryimage"},"thumbnailUrl":"http:\/\/www.statussambashow.com.br\/site\/wp-content\/uploads\/2020\/10\/Live-Vani-Franco.jpg","keywords":["bateria de escola de samba em casamento","live vany franco"],"articleSection":["Frontpage Article","Not\u00edcias"],"inLanguage":"pt-BR"},{"@type":"WebPage","@id":"http:\/\/www.statussambashow.com.br\/site\/live-programa-francamente-vany-franco\/","url":"http:\/\/www.statussambashow.com.br\/site\/live-programa-francamente-vany-franco\/","name":"Apresenta\u00e7\u00e3o em Live - Programa Vany Franco - Status Samba Show","isPartOf":{"@id":"http:\/\/www.statussambashow.com.br\/site\/#website"},"primaryImageOfPage":{"@id":"http:\/\/www.statussambashow.com.br\/site\/live-programa-francamente-vany-franco\/#primaryimage"},"image":{"@id":"http:\/\/www.statussambashow.com.br\/site\/live-programa-francamente-vany-franco\/#primaryimage"},"thumbnailUrl":"http:\/\/www.statussambashow.com.br\/site\/wp-content\/uploads\/2020\/10\/Live-Vani-Franco.jpg","datePublished":"2020-10-27T20:48:23+00:00","dateModified":"2024-05-10T13:40:26+00:00","description":"Partipa\u00e7\u00e3o da equipe de Samba Show em Live do Programa Francamente apresentado pela Vany Franco. Live realizada em 30\/07\/2020","breadcrumb":{"@id":"http:\/\/www.statussambashow.com.br\/site\/live-programa-francamente-vany-franco\/#breadcrumb"},"inLanguage":"pt-BR","potentialAction":[{"@type":"ReadAction","target":["http:\/\/www.statussambashow.com.br\/site\/live-programa-francamente-vany-franco\/"]}]},{"@type":"ImageObject","inLanguage":"pt-BR","@id":"http:\/\/www.statussambashow.com.br\/site\/live-programa-francamente-vany-franco\/#primaryimage","url":"http:\/\/www.statussambashow.com.br\/site\/wp-content\/uploads\/2020\/10\/Live-Vani-Franco.jpg","contentUrl":"http:\/\/www.statussambashow.com.br\/site\/wp-content\/uploads\/2020\/10\/Live-Vani-Franco.jpg","width":1280,"height":720,"caption":"LIVE PROGRAMA VANY FRANCO"},{"@type":"BreadcrumbList","@id":"http:\/\/www.statussambashow.com.br\/site\/live-programa-francamente-vany-franco\/#breadcrumb","itemListElement":[{"@type":"ListItem","position":1,"name":"In\u00edcio","item":"http:\/\/www.statussambashow.com.br\/site\/"},{"@type":"ListItem","position":2,"name":"Apresenta\u00e7\u00e3o em Live &#8211; Programa Vany Franco"}]},{"@type":"WebSite","@id":"http:\/\/www.statussambashow.com.br\/site\/#website","url":"http:\/\/www.statussambashow.com.br\/site\/","name":"Status Samba Show","description":"Bateria de Escola de Samba para Festas de Casamento, Formaturas, Festas de Debutantes e Festas de Anivers\u00e1rios.","publisher":{"@id":"http:\/\/www.statussambashow.com.br\/site\/#organization"},"potentialAction":[{"@type":"SearchAction","target":{"@type":"EntryPoint","urlTemplate":"http:\/\/www.statussambashow.com.br\/site\/?s={search_term_string}"},"query-input":"required name=search_term_string"}],"inLanguage":"pt-BR"},{"@type":"Organization","@id":"http:\/\/www.statussambashow.com.br\/site\/#organization","name":"Status Samba Show","url":"http:\/\/www.statussambashow.com.br\/site\/","logo":{"@type":"ImageObject","inLanguage":"pt-BR","@id":"http:\/\/www.statussambashow.com.br\/site\/#\/schema\/logo\/image\/","url":"http:\/\/www.statussambashow.com.br\/site\/wp-content\/uploads\/2019\/07\/logo_fundo_trans.png","contentUrl":"http:\/\/www.statussambashow.com.br\/site\/wp-content\/uploads\/2019\/07\/logo_fundo_trans.png","width":1575,"height":1575,"caption":"Status Samba Show"},"image":{"@id":"http:\/\/www.statussambashow.com.br\/site\/#\/schema\/logo\/image\/"},"sameAs":["https:\/\/www.facebook.com\/statussambashow","https:\/\/www.instagram.com\/statussambashow\/"]},{"@type":"Person","@id":"http:\/\/www.statussambashow.com.br\/site\/#\/schema\/person\/8d860510e8152ed05851b512fea9cce4","name":"Administrador","url":"http:\/\/www.statussambashow.com.br\/site\/author\/admin\/"}]}},"jetpack_sharing_enabled":true,"jetpack_featured_media_url":"http:\/\/www.statussambashow.com.br\/site\/wp-content\/uploads\/2020\/10\/Live-Vani-Franco.jpg","jetpack-related-posts":[],"_links":{"self":[{"href":"http:\/\/www.statussambashow.com.br\/site\/wp-json\/wp\/v2\/posts\/5328"}],"collection":[{"href":"http:\/\/www.statussambashow.com.br\/site\/wp-json\/wp\/v2\/posts"}],"about":[{"href":"http:\/\/www.statussambashow.com.br\/site\/wp-json\/wp\/v2\/types\/post"}],"author":[{"embeddable":true,"href":"http:\/\/www.statussambashow.com.br\/site\/wp-json\/wp\/v2\/users\/1"}],"replies":[{"embeddable":true,"href":"http:\/\/www.statussambashow.com.br\/site\/wp-json\/wp\/v2\/comments?post=5328"}],"version-history":[{"count":4,"href":"http:\/\/www.statussambashow.com.br\/site\/wp-json\/wp\/v2\/posts\/5328\/revisions"}],"predecessor-version":[{"id":5340,"href":"http:\/\/www.statussambashow.com.br\/site\/wp-json\/wp\/v2\/posts\/5328\/revisions\/5340"}],"wp:featuredmedia":[{"embeddable":true,"href":"http:\/\/www.statussambashow.com.br\/site\/wp-json\/wp\/v2\/media\/5339"}],"wp:attachment":[{"href":"http:\/\/www.statussambashow.com.br\/site\/wp-json\/wp\/v2\/media?parent=5328"}],"wp:term":[{"taxonomy":"category","embeddable":true,"href":"http:\/\/www.statussambashow.com.br\/site\/wp-json\/wp\/v2\/categories?post=5328"},{"taxonomy":"post_tag","embeddable":true,"href":"http:\/\/www.statussambashow.com.br\/site\/wp-json\/wp\/v2\/tags?post=5328"}],"curies":[{"name":"wp","href":"https:\/\/api.w.org\/{rel}","templated":true}]}}