{"id":4754,"date":"2016-01-19T10:22:30","date_gmt":"2016-01-19T13:22:30","guid":{"rendered":"http:\/\/statussambashow.com.br\/site\/?p=4754"},"modified":"2024-05-10T10:43:29","modified_gmt":"2024-05-10T13:43:29","slug":"encontro-sul-americano-de-cultura-popular","status":"publish","type":"post","link":"http:\/\/www.statussambashow.com.br\/site\/encontro-sul-americano-de-cultura-popular\/","title":{"rendered":"<b>ENCONTRO SUL AMERICANO DE CULTURA POPULAR<\/b>"},"content":{"rendered":"<p style=\"text-align: center;\">\n<style type=\"text\/css\" data-created_by=\"avia_inline_auto\" id=\"style-css-av-96ow76-98d3758ba03be0933770b73ca041ccb2\">\n#top .av-special-heading.av-96ow76-98d3758ba03be0933770b73ca041ccb2{\npadding-bottom:10px;\n}\nbody .av-special-heading.av-96ow76-98d3758ba03be0933770b73ca041ccb2 .av-special-heading-tag .heading-char{\nfont-size:25px;\n}\n.av-special-heading.av-96ow76-98d3758ba03be0933770b73ca041ccb2 .av-subheading{\nfont-size:15px;\n}\n<\/style>\n<div  class='av-special-heading av-96ow76-98d3758ba03be0933770b73ca041ccb2 av-special-heading-h2 meta-heading blockquote classic-quote  avia-builder-el-0  el_before_av_one_third  avia-builder-el-first '><h2 class='av-special-heading-tag'  itemprop=\"headline\"  >18\/12\/2015 Cuiab\u00e1 <\/h2><div class=\"special-heading-border\"><div class=\"special-heading-inner-border\"><\/div><\/div><\/div><\/p>\n<div  class='flex_column av-7am6w2-ccfb6b49054cab28d15a1490ccc34dfe av_one_third  avia-builder-el-1  el_after_av_heading  el_before_av_two_third  first flex_column_div  '     ><p><span class='av_dropcap2 av-av_dropcap2-bd3e2e98007e8df5c1bbaff1392a902e'>N<\/span> os dias 18,19 e 20 de Dezembro de 2015 \u00a0foi realizada a 5\u00aa edi\u00e7\u00e3o do \u00a0Encontro Sul Americano de Cultura popular. O evento foi realizado na cidade de Cuiab\u00e1 &#8211; Mato Grosso e re\u00fane artistas que representem uma cultura popular. Contou com mais de 15 atra\u00e7\u00f5es internacionais, nacionais e regionais: um verdadeiro intercambio cultural. O evento contou com atra\u00e7\u00f5es musicais de alguns pa\u00edses de toda Am\u00e9rica Latina, como M\u00e9xico e Argentina. O <strong>Status Samba Show<\/strong> foi escolhido para representar o ritmo musical que mais representa o Brasil: O Samba.<\/p><\/div>\n<div  class='flex_column av-5wis1u-e3e94b70749c0d08dc660804e804ad9f av_two_third  avia-builder-el-2  el_after_av_one_third  el_before_av_gallery  flex_column_div  '     ><div  class='avia-video av-3vt3xu-33b00b22842c2578496ad2663c13f70b avia-video-16-9 av-no-preview-image avia-video-load-always av-lazyload-immediate av-lazyload-video-embed'  itemprop=\"video\" itemtype=\"https:\/\/schema.org\/VideoObject\"  data-original_url='https:\/\/www.youtube.com\/watch?v=z7hR5tMQktU'><script type='text\/html' class='av-video-tmpl'><div class='avia-iframe-wrap'><iframe loading=\"lazy\" width=\"1500\" height=\"844\" src=\"https:\/\/www.youtube.com\/embed\/z7hR5tMQktU?feature=oembed&autoplay=0&loop=0&controls=1&mute=0\" frameborder=\"0\" allowfullscreen><\/iframe><\/div><\/script><div class='av-click-to-play-overlay'><div class=\"avia_playpause_icon\"><\/div><\/div><\/div><\/div>\n<p>&nbsp;<br \/>\n<br \/>\nA proposta do Status Samba Show era fazer algo novo e diferente ent\u00e3o ao inv\u00e9s de come\u00e7ar o evento com o tradicional samba de escola de samba foi feito um inicio com Techno Samba Show, que \u00e9 um show onde a Bateria de Escola de Samba interage com Musicas do DJ, desde musica <a href=\"https:\/\/youtu.be\/z7hR5tMQktU?t=69\" target=\"_blank\" rel=\"noopener\">ELETRONICAS<\/a> at\u00e9 <a href=\"https:\/\/youtu.be\/z7hR5tMQktU?t=127\" target=\"_blank\" rel=\"noopener\">FUNK<\/a>. E pra finalizar com chave de ouro foi realizado um <strong>Samba Show<\/strong> de primeira qualidade com a presen\u00e7a de <strong>int\u00e9rprete<\/strong> e <strong>mulatas<\/strong> e a participa\u00e7\u00e3o especial do <strong>Ca\u00e7ula do Pandeiro. <\/strong>O Show foi um sucesso, as mais de 5 mil pessoas presentes ficaram em\u00a0\u00eaxtase\u00a0com mais uma grande apresenta\u00e7\u00e3o do<strong> Status Samba Show<\/strong><\/p>\n<p>Confira algumas fotos do evento:<\/p>\n\n<style type=\"text\/css\" data-created_by=\"avia_inline_auto\" id=\"style-css-av-282wj6-2de7e98a43e4b669e4950ce1c1b59745\">\n#top .avia-gallery.av-282wj6-2de7e98a43e4b669e4950ce1c1b59745 .avia-gallery-thumb a{\nwidth:20%;\n}\n<\/style>\n<div  class='avia-gallery av-282wj6-2de7e98a43e4b669e4950ce1c1b59745 avia_animate_when_visible  avia-builder-el-4  el_after_av_two_third  avia-builder-el-last  avia_lazyload avia-gallery-animate avia-gallery-1'  itemprop=\"image\" itemscope=\"itemscope\" itemtype=\"https:\/\/schema.org\/ImageObject\" ><meta itemprop=\"contentURL\" content=\"http:\/\/www.statussambashow.com.br\/site\/encontro-sul-americano-de-cultura-popular\/\"><div class='avia-gallery-thumb'><a href=\"http:\/\/www.statussambashow.com.br\/site\/wp-content\/uploads\/2016\/03\/e5ead7f8356f689a9f9c12ff0b32b667.jpg\" data-srcset=\"http:\/\/www.statussambashow.com.br\/site\/wp-content\/uploads\/2016\/03\/e5ead7f8356f689a9f9c12ff0b32b667.jpg 640w, http:\/\/www.statussambashow.com.br\/site\/wp-content\/uploads\/2016\/03\/e5ead7f8356f689a9f9c12ff0b32b667-300x225.jpg 300w, http:\/\/www.statussambashow.com.br\/site\/wp-content\/uploads\/2016\/03\/e5ead7f8356f689a9f9c12ff0b32b667-450x338.jpg 450w\" data-sizes=\"(max-width: 640px) 100vw, 640px\" data-rel='gallery-1' data-prev-img='http:\/\/www.statussambashow.com.br\/site\/wp-content\/uploads\/2016\/03\/e5ead7f8356f689a9f9c12ff0b32b667-495x400.jpg' class='first_thumb lightbox ' data-onclick='1' title='Evento Cuiab\u00e1 2015 - Bateria de Escola de Samba'  itemprop=\"thumbnailUrl\"  ><img decoding=\"async\" fetchpriority=\"high\" class=\"wp-image-4768 avia-img-lazy-loading-not-4768\"   src=\"http:\/\/www.statussambashow.com.br\/site\/wp-content\/uploads\/2016\/03\/e5ead7f8356f689a9f9c12ff0b32b667-300x225.jpg\" width=\"300\" height=\"225\"  title='Evento Cuiab\u00e1 2015 - Bateria de Escola de Samba' alt='Bateria de Escola de Samba' srcset=\"http:\/\/www.statussambashow.com.br\/site\/wp-content\/uploads\/2016\/03\/e5ead7f8356f689a9f9c12ff0b32b667-300x225.jpg 300w, http:\/\/www.statussambashow.com.br\/site\/wp-content\/uploads\/2016\/03\/e5ead7f8356f689a9f9c12ff0b32b667-450x338.jpg 450w, http:\/\/www.statussambashow.com.br\/site\/wp-content\/uploads\/2016\/03\/e5ead7f8356f689a9f9c12ff0b32b667.jpg 640w\" sizes=\"(max-width: 300px) 100vw, 300px\" \/><div class='big-prev-fake'><img decoding=\"async\" loading=\"lazy\" class=\"wp-image-4768 avia-img-lazy-loading-4768\"  width=\"495\" height=\"400\" src=\"http:\/\/www.statussambashow.com.br\/site\/wp-content\/uploads\/2016\/03\/e5ead7f8356f689a9f9c12ff0b32b667-495x400.jpg\" title='Evento Cuiab\u00e1 2015 - Bateria de Escola de Samba' alt='Bateria de Escola de Samba' \/><\/div><\/a><a href=\"http:\/\/www.statussambashow.com.br\/site\/wp-content\/uploads\/2016\/03\/a5057cbd5c37dc09c2a755616816bd8c.jpg\" data-srcset=\"http:\/\/www.statussambashow.com.br\/site\/wp-content\/uploads\/2016\/03\/a5057cbd5c37dc09c2a755616816bd8c.jpg 640w, http:\/\/www.statussambashow.com.br\/site\/wp-content\/uploads\/2016\/03\/a5057cbd5c37dc09c2a755616816bd8c-300x225.jpg 300w, http:\/\/www.statussambashow.com.br\/site\/wp-content\/uploads\/2016\/03\/a5057cbd5c37dc09c2a755616816bd8c-450x338.jpg 450w\" data-sizes=\"(max-width: 640px) 100vw, 640px\" data-rel='gallery-1' data-prev-img='http:\/\/www.statussambashow.com.br\/site\/wp-content\/uploads\/2016\/03\/a5057cbd5c37dc09c2a755616816bd8c-495x400.jpg' class='lightbox ' data-onclick='2' title='Evento Cuiab\u00e1 2015 - Bateria de Escola de Samba 03'  itemprop=\"thumbnailUrl\"  ><img decoding=\"async\" fetchpriority=\"high\" class=\"wp-image-4767 avia-img-lazy-loading-not-4767\"   src=\"http:\/\/www.statussambashow.com.br\/site\/wp-content\/uploads\/2016\/03\/a5057cbd5c37dc09c2a755616816bd8c-300x225.jpg\" width=\"300\" height=\"225\"  title='Evento Cuiab\u00e1 2015 - Bateria de Escola de Samba 03' alt='Bateria de Escola de Samba 03' srcset=\"http:\/\/www.statussambashow.com.br\/site\/wp-content\/uploads\/2016\/03\/a5057cbd5c37dc09c2a755616816bd8c-300x225.jpg 300w, http:\/\/www.statussambashow.com.br\/site\/wp-content\/uploads\/2016\/03\/a5057cbd5c37dc09c2a755616816bd8c-450x338.jpg 450w, http:\/\/www.statussambashow.com.br\/site\/wp-content\/uploads\/2016\/03\/a5057cbd5c37dc09c2a755616816bd8c.jpg 640w\" sizes=\"(max-width: 300px) 100vw, 300px\" \/><div class='big-prev-fake'><img decoding=\"async\" loading=\"lazy\" class=\"wp-image-4767 avia-img-lazy-loading-4767\"  width=\"495\" height=\"400\" src=\"http:\/\/www.statussambashow.com.br\/site\/wp-content\/uploads\/2016\/03\/a5057cbd5c37dc09c2a755616816bd8c-495x400.jpg\" title='Evento Cuiab\u00e1 2015 - Bateria de Escola de Samba 03' alt='Bateria de Escola de Samba 03' \/><\/div><\/a><a href=\"http:\/\/www.statussambashow.com.br\/site\/wp-content\/uploads\/2016\/03\/a2a50b303219f86d7b990a0d8d46b895.jpg\" data-srcset=\"http:\/\/www.statussambashow.com.br\/site\/wp-content\/uploads\/2016\/03\/a2a50b303219f86d7b990a0d8d46b895.jpg 430w, http:\/\/www.statussambashow.com.br\/site\/wp-content\/uploads\/2016\/03\/a2a50b303219f86d7b990a0d8d46b895-208x300.jpg 208w\" data-sizes=\"(max-width: 430px) 100vw, 430px\" data-rel='gallery-1' data-prev-img='http:\/\/www.statussambashow.com.br\/site\/wp-content\/uploads\/2016\/03\/a2a50b303219f86d7b990a0d8d46b895-430x400.jpg' class='lightbox ' data-onclick='3' title='Evento Cuiab\u00e1 2015 - Mariana Pedro Mulata'  itemprop=\"thumbnailUrl\"  ><img decoding=\"async\" fetchpriority=\"high\" class=\"wp-image-4766 avia-img-lazy-loading-not-4766\"   src=\"http:\/\/www.statussambashow.com.br\/site\/wp-content\/uploads\/2016\/03\/a2a50b303219f86d7b990a0d8d46b895-208x300.jpg\" width=\"208\" height=\"300\"  title='Evento Cuiab\u00e1 2015 - Mariana Pedro Mulata' alt='Mariana Pedro Mulata' srcset=\"http:\/\/www.statussambashow.com.br\/site\/wp-content\/uploads\/2016\/03\/a2a50b303219f86d7b990a0d8d46b895-208x300.jpg 208w, http:\/\/www.statussambashow.com.br\/site\/wp-content\/uploads\/2016\/03\/a2a50b303219f86d7b990a0d8d46b895.jpg 430w\" sizes=\"(max-width: 208px) 100vw, 208px\" \/><div class='big-prev-fake'><img decoding=\"async\" loading=\"lazy\" class=\"wp-image-4766 avia-img-lazy-loading-4766\"  width=\"430\" height=\"400\" src=\"http:\/\/www.statussambashow.com.br\/site\/wp-content\/uploads\/2016\/03\/a2a50b303219f86d7b990a0d8d46b895-430x400.jpg\" title='Evento Cuiab\u00e1 2015 - Mariana Pedro Mulata' alt='Mariana Pedro Mulata' \/><\/div><\/a><a href=\"http:\/\/www.statussambashow.com.br\/site\/wp-content\/uploads\/2016\/03\/45655f980583a700fbecd81b2fbee565.jpg\" data-srcset=\"http:\/\/www.statussambashow.com.br\/site\/wp-content\/uploads\/2016\/03\/45655f980583a700fbecd81b2fbee565.jpg 640w, http:\/\/www.statussambashow.com.br\/site\/wp-content\/uploads\/2016\/03\/45655f980583a700fbecd81b2fbee565-300x225.jpg 300w, http:\/\/www.statussambashow.com.br\/site\/wp-content\/uploads\/2016\/03\/45655f980583a700fbecd81b2fbee565-450x338.jpg 450w\" data-sizes=\"(max-width: 640px) 100vw, 640px\" data-rel='gallery-1' data-prev-img='http:\/\/www.statussambashow.com.br\/site\/wp-content\/uploads\/2016\/03\/45655f980583a700fbecd81b2fbee565-495x400.jpg' class='lightbox ' data-onclick='4' title='Evento Cuiab\u00e1 2015 - Ca\u00e7ula do Pandeiro'  itemprop=\"thumbnailUrl\"  ><img decoding=\"async\" fetchpriority=\"high\" class=\"wp-image-4765 avia-img-lazy-loading-not-4765\"   src=\"http:\/\/www.statussambashow.com.br\/site\/wp-content\/uploads\/2016\/03\/45655f980583a700fbecd81b2fbee565-300x225.jpg\" width=\"300\" height=\"225\"  title='Evento Cuiab\u00e1 2015 - Ca\u00e7ula do Pandeiro' alt='Ca\u00e7ula do Pandeiro' srcset=\"http:\/\/www.statussambashow.com.br\/site\/wp-content\/uploads\/2016\/03\/45655f980583a700fbecd81b2fbee565-300x225.jpg 300w, http:\/\/www.statussambashow.com.br\/site\/wp-content\/uploads\/2016\/03\/45655f980583a700fbecd81b2fbee565-450x338.jpg 450w, http:\/\/www.statussambashow.com.br\/site\/wp-content\/uploads\/2016\/03\/45655f980583a700fbecd81b2fbee565.jpg 640w\" sizes=\"(max-width: 300px) 100vw, 300px\" \/><div class='big-prev-fake'><img decoding=\"async\" loading=\"lazy\" class=\"wp-image-4765 avia-img-lazy-loading-4765\"  width=\"495\" height=\"400\" src=\"http:\/\/www.statussambashow.com.br\/site\/wp-content\/uploads\/2016\/03\/45655f980583a700fbecd81b2fbee565-495x400.jpg\" title='Evento Cuiab\u00e1 2015 - Ca\u00e7ula do Pandeiro' alt='Ca\u00e7ula do Pandeiro' \/><\/div><\/a><a href=\"http:\/\/www.statussambashow.com.br\/site\/wp-content\/uploads\/2016\/03\/8b5d257d6663881ab39af7352849783b.jpg\" data-srcset=\"http:\/\/www.statussambashow.com.br\/site\/wp-content\/uploads\/2016\/03\/8b5d257d6663881ab39af7352849783b.jpg 640w, http:\/\/www.statussambashow.com.br\/site\/wp-content\/uploads\/2016\/03\/8b5d257d6663881ab39af7352849783b-300x225.jpg 300w, http:\/\/www.statussambashow.com.br\/site\/wp-content\/uploads\/2016\/03\/8b5d257d6663881ab39af7352849783b-450x338.jpg 450w\" data-sizes=\"(max-width: 640px) 100vw, 640px\" data-rel='gallery-1' data-prev-img='http:\/\/www.statussambashow.com.br\/site\/wp-content\/uploads\/2016\/03\/8b5d257d6663881ab39af7352849783b-495x400.jpg' class='lightbox ' data-onclick='5' title='Evento Cuiab\u00e1 2015 - Victor Tamborim'  itemprop=\"thumbnailUrl\"  ><img decoding=\"async\" fetchpriority=\"high\" class=\"wp-image-4761 avia-img-lazy-loading-not-4761\"   src=\"http:\/\/www.statussambashow.com.br\/site\/wp-content\/uploads\/2016\/03\/8b5d257d6663881ab39af7352849783b-300x225.jpg\" width=\"300\" height=\"225\"  title='Evento Cuiab\u00e1 2015 - Victor Tamborim' alt='Victor Tamborim' srcset=\"http:\/\/www.statussambashow.com.br\/site\/wp-content\/uploads\/2016\/03\/8b5d257d6663881ab39af7352849783b-300x225.jpg 300w, http:\/\/www.statussambashow.com.br\/site\/wp-content\/uploads\/2016\/03\/8b5d257d6663881ab39af7352849783b-450x338.jpg 450w, http:\/\/www.statussambashow.com.br\/site\/wp-content\/uploads\/2016\/03\/8b5d257d6663881ab39af7352849783b.jpg 640w\" sizes=\"(max-width: 300px) 100vw, 300px\" \/><div class='big-prev-fake'><img decoding=\"async\" loading=\"lazy\" class=\"wp-image-4761 avia-img-lazy-loading-4761\"  width=\"495\" height=\"400\" src=\"http:\/\/www.statussambashow.com.br\/site\/wp-content\/uploads\/2016\/03\/8b5d257d6663881ab39af7352849783b-495x400.jpg\" title='Evento Cuiab\u00e1 2015 - Victor Tamborim' alt='Victor Tamborim' \/><\/div><\/a><a href=\"http:\/\/www.statussambashow.com.br\/site\/wp-content\/uploads\/2016\/03\/8ca4df0b51f69243002bb9496adff570.jpg\" data-srcset=\"http:\/\/www.statussambashow.com.br\/site\/wp-content\/uploads\/2016\/03\/8ca4df0b51f69243002bb9496adff570.jpg 640w, http:\/\/www.statussambashow.com.br\/site\/wp-content\/uploads\/2016\/03\/8ca4df0b51f69243002bb9496adff570-300x225.jpg 300w, http:\/\/www.statussambashow.com.br\/site\/wp-content\/uploads\/2016\/03\/8ca4df0b51f69243002bb9496adff570-450x338.jpg 450w\" data-sizes=\"(max-width: 640px) 100vw, 640px\" data-rel='gallery-1' data-prev-img='http:\/\/www.statussambashow.com.br\/site\/wp-content\/uploads\/2016\/03\/8ca4df0b51f69243002bb9496adff570-495x400.jpg' class='first_thumb lightbox ' data-onclick='6' title='Evento Cuiab\u00e1 2015 - Publico'  itemprop=\"thumbnailUrl\"  ><img decoding=\"async\" fetchpriority=\"high\" class=\"wp-image-4762 avia-img-lazy-loading-not-4762\"   src=\"http:\/\/www.statussambashow.com.br\/site\/wp-content\/uploads\/2016\/03\/8ca4df0b51f69243002bb9496adff570-300x225.jpg\" width=\"300\" height=\"225\"  title='Evento Cuiab\u00e1 2015 - Publico' alt='Mais de 5 mil expectadores' srcset=\"http:\/\/www.statussambashow.com.br\/site\/wp-content\/uploads\/2016\/03\/8ca4df0b51f69243002bb9496adff570-300x225.jpg 300w, http:\/\/www.statussambashow.com.br\/site\/wp-content\/uploads\/2016\/03\/8ca4df0b51f69243002bb9496adff570-450x338.jpg 450w, http:\/\/www.statussambashow.com.br\/site\/wp-content\/uploads\/2016\/03\/8ca4df0b51f69243002bb9496adff570.jpg 640w\" sizes=\"(max-width: 300px) 100vw, 300px\" \/><div class='big-prev-fake'><img decoding=\"async\" loading=\"lazy\" class=\"wp-image-4762 avia-img-lazy-loading-4762\"  width=\"495\" height=\"400\" src=\"http:\/\/www.statussambashow.com.br\/site\/wp-content\/uploads\/2016\/03\/8ca4df0b51f69243002bb9496adff570-495x400.jpg\" title='Evento Cuiab\u00e1 2015 - Publico' alt='Mais de 5 mil expectadores' \/><\/div><\/a><a href=\"http:\/\/www.statussambashow.com.br\/site\/wp-content\/uploads\/2016\/03\/60f81e1cccb0df0b1cbcfcdd4c79cc0e.jpg\" data-srcset=\"http:\/\/www.statussambashow.com.br\/site\/wp-content\/uploads\/2016\/03\/60f81e1cccb0df0b1cbcfcdd4c79cc0e.jpg 640w, http:\/\/www.statussambashow.com.br\/site\/wp-content\/uploads\/2016\/03\/60f81e1cccb0df0b1cbcfcdd4c79cc0e-300x225.jpg 300w, http:\/\/www.statussambashow.com.br\/site\/wp-content\/uploads\/2016\/03\/60f81e1cccb0df0b1cbcfcdd4c79cc0e-450x338.jpg 450w\" data-sizes=\"(max-width: 640px) 100vw, 640px\" data-rel='gallery-1' data-prev-img='http:\/\/www.statussambashow.com.br\/site\/wp-content\/uploads\/2016\/03\/60f81e1cccb0df0b1cbcfcdd4c79cc0e-495x400.jpg' class='lightbox ' data-onclick='7' title='Evento Cuiab\u00e1 2015 - Mulata Mariana Pedro'  itemprop=\"thumbnailUrl\"  ><img decoding=\"async\" fetchpriority=\"high\" class=\"wp-image-4763 avia-img-lazy-loading-not-4763\"   src=\"http:\/\/www.statussambashow.com.br\/site\/wp-content\/uploads\/2016\/03\/60f81e1cccb0df0b1cbcfcdd4c79cc0e-300x225.jpg\" width=\"300\" height=\"225\"  title='Evento Cuiab\u00e1 2015 - Mulata Mariana Pedro' alt='Mulata Mariana Pedro' srcset=\"http:\/\/www.statussambashow.com.br\/site\/wp-content\/uploads\/2016\/03\/60f81e1cccb0df0b1cbcfcdd4c79cc0e-300x225.jpg 300w, http:\/\/www.statussambashow.com.br\/site\/wp-content\/uploads\/2016\/03\/60f81e1cccb0df0b1cbcfcdd4c79cc0e-450x338.jpg 450w, http:\/\/www.statussambashow.com.br\/site\/wp-content\/uploads\/2016\/03\/60f81e1cccb0df0b1cbcfcdd4c79cc0e.jpg 640w\" sizes=\"(max-width: 300px) 100vw, 300px\" \/><div class='big-prev-fake'><img decoding=\"async\" loading=\"lazy\" class=\"wp-image-4763 avia-img-lazy-loading-4763\"  width=\"495\" height=\"400\" src=\"http:\/\/www.statussambashow.com.br\/site\/wp-content\/uploads\/2016\/03\/60f81e1cccb0df0b1cbcfcdd4c79cc0e-495x400.jpg\" title='Evento Cuiab\u00e1 2015 - Mulata Mariana Pedro' alt='Mulata Mariana Pedro' \/><\/div><\/a><a href=\"http:\/\/www.statussambashow.com.br\/site\/wp-content\/uploads\/2016\/03\/842baa7edaef73d21e76358776ca1f0d.jpg\" data-srcset=\"http:\/\/www.statussambashow.com.br\/site\/wp-content\/uploads\/2016\/03\/842baa7edaef73d21e76358776ca1f0d.jpg 640w, http:\/\/www.statussambashow.com.br\/site\/wp-content\/uploads\/2016\/03\/842baa7edaef73d21e76358776ca1f0d-300x225.jpg 300w, http:\/\/www.statussambashow.com.br\/site\/wp-content\/uploads\/2016\/03\/842baa7edaef73d21e76358776ca1f0d-450x338.jpg 450w\" data-sizes=\"(max-width: 640px) 100vw, 640px\" data-rel='gallery-1' data-prev-img='http:\/\/www.statussambashow.com.br\/site\/wp-content\/uploads\/2016\/03\/842baa7edaef73d21e76358776ca1f0d-495x400.jpg' class='lightbox ' data-onclick='8' title='Evento Cuiab\u00e1 2015 - Ca\u00e7ula do Pandeiro 02'  itemprop=\"thumbnailUrl\"  ><img decoding=\"async\" fetchpriority=\"high\" class=\"wp-image-4764 avia-img-lazy-loading-not-4764\"   src=\"http:\/\/www.statussambashow.com.br\/site\/wp-content\/uploads\/2016\/03\/842baa7edaef73d21e76358776ca1f0d-300x225.jpg\" width=\"300\" height=\"225\"  title='Evento Cuiab\u00e1 2015 - Ca\u00e7ula do Pandeiro 02' alt='Ca\u00e7ula do Pandeiro 02' srcset=\"http:\/\/www.statussambashow.com.br\/site\/wp-content\/uploads\/2016\/03\/842baa7edaef73d21e76358776ca1f0d-300x225.jpg 300w, http:\/\/www.statussambashow.com.br\/site\/wp-content\/uploads\/2016\/03\/842baa7edaef73d21e76358776ca1f0d-450x338.jpg 450w, http:\/\/www.statussambashow.com.br\/site\/wp-content\/uploads\/2016\/03\/842baa7edaef73d21e76358776ca1f0d.jpg 640w\" sizes=\"(max-width: 300px) 100vw, 300px\" \/><div class='big-prev-fake'><img decoding=\"async\" loading=\"lazy\" class=\"wp-image-4764 avia-img-lazy-loading-4764\"  width=\"495\" height=\"400\" src=\"http:\/\/www.statussambashow.com.br\/site\/wp-content\/uploads\/2016\/03\/842baa7edaef73d21e76358776ca1f0d-495x400.jpg\" title='Evento Cuiab\u00e1 2015 - Ca\u00e7ula do Pandeiro 02' alt='Ca\u00e7ula do Pandeiro 02' \/><\/div><\/a><a href=\"http:\/\/www.statussambashow.com.br\/site\/wp-content\/uploads\/2016\/03\/6fd97908bc6f281b137e83e9a265a0c5.jpg\" data-srcset=\"http:\/\/www.statussambashow.com.br\/site\/wp-content\/uploads\/2016\/03\/6fd97908bc6f281b137e83e9a265a0c5.jpg 430w, http:\/\/www.statussambashow.com.br\/site\/wp-content\/uploads\/2016\/03\/6fd97908bc6f281b137e83e9a265a0c5-208x300.jpg 208w\" data-sizes=\"(max-width: 430px) 100vw, 430px\" data-rel='gallery-1' data-prev-img='http:\/\/www.statussambashow.com.br\/site\/wp-content\/uploads\/2016\/03\/6fd97908bc6f281b137e83e9a265a0c5-430x400.jpg' class='lightbox ' data-onclick='9' title='Evento Cuiab\u00e1 2015 - Ca\u00e7ula do Pandeiro e Passista'  itemprop=\"thumbnailUrl\"  ><img decoding=\"async\" fetchpriority=\"high\" class=\"wp-image-4759 avia-img-lazy-loading-not-4759\"   src=\"http:\/\/www.statussambashow.com.br\/site\/wp-content\/uploads\/2016\/03\/6fd97908bc6f281b137e83e9a265a0c5-208x300.jpg\" width=\"208\" height=\"300\"  title='Evento Cuiab\u00e1 2015 - Ca\u00e7ula do Pandeiro e Passista' alt='Ca\u00e7ula do Pandeiro e Passista' srcset=\"http:\/\/www.statussambashow.com.br\/site\/wp-content\/uploads\/2016\/03\/6fd97908bc6f281b137e83e9a265a0c5-208x300.jpg 208w, http:\/\/www.statussambashow.com.br\/site\/wp-content\/uploads\/2016\/03\/6fd97908bc6f281b137e83e9a265a0c5.jpg 430w\" sizes=\"(max-width: 208px) 100vw, 208px\" \/><div class='big-prev-fake'><img decoding=\"async\" loading=\"lazy\" class=\"wp-image-4759 avia-img-lazy-loading-4759\"  width=\"430\" height=\"400\" src=\"http:\/\/www.statussambashow.com.br\/site\/wp-content\/uploads\/2016\/03\/6fd97908bc6f281b137e83e9a265a0c5-430x400.jpg\" title='Evento Cuiab\u00e1 2015 - Ca\u00e7ula do Pandeiro e Passista' alt='Ca\u00e7ula do Pandeiro e Passista' \/><\/div><\/a><a href=\"http:\/\/www.statussambashow.com.br\/site\/wp-content\/uploads\/2016\/03\/4a1d428c1ac84451d7261294fe3f7410.jpg\" data-srcset=\"http:\/\/www.statussambashow.com.br\/site\/wp-content\/uploads\/2016\/03\/4a1d428c1ac84451d7261294fe3f7410.jpg 640w, http:\/\/www.statussambashow.com.br\/site\/wp-content\/uploads\/2016\/03\/4a1d428c1ac84451d7261294fe3f7410-300x225.jpg 300w, http:\/\/www.statussambashow.com.br\/site\/wp-content\/uploads\/2016\/03\/4a1d428c1ac84451d7261294fe3f7410-450x338.jpg 450w\" data-sizes=\"(max-width: 640px) 100vw, 640px\" data-rel='gallery-1' data-prev-img='http:\/\/www.statussambashow.com.br\/site\/wp-content\/uploads\/2016\/03\/4a1d428c1ac84451d7261294fe3f7410-495x400.jpg' class='lightbox ' data-onclick='10' title='Evento Cuiab\u00e1 2015 - Performance Ca\u00e7ula do Pandeiro'  itemprop=\"thumbnailUrl\"  ><img decoding=\"async\" fetchpriority=\"high\" class=\"wp-image-4758 avia-img-lazy-loading-not-4758\"   src=\"http:\/\/www.statussambashow.com.br\/site\/wp-content\/uploads\/2016\/03\/4a1d428c1ac84451d7261294fe3f7410-300x225.jpg\" width=\"300\" height=\"225\"  title='Evento Cuiab\u00e1 2015 - Performance Ca\u00e7ula do Pandeiro' alt='Performance Ca\u00e7ula do Pandeiro' srcset=\"http:\/\/www.statussambashow.com.br\/site\/wp-content\/uploads\/2016\/03\/4a1d428c1ac84451d7261294fe3f7410-300x225.jpg 300w, http:\/\/www.statussambashow.com.br\/site\/wp-content\/uploads\/2016\/03\/4a1d428c1ac84451d7261294fe3f7410-450x338.jpg 450w, http:\/\/www.statussambashow.com.br\/site\/wp-content\/uploads\/2016\/03\/4a1d428c1ac84451d7261294fe3f7410.jpg 640w\" sizes=\"(max-width: 300px) 100vw, 300px\" \/><div class='big-prev-fake'><img decoding=\"async\" loading=\"lazy\" class=\"wp-image-4758 avia-img-lazy-loading-4758\"  width=\"495\" height=\"400\" src=\"http:\/\/www.statussambashow.com.br\/site\/wp-content\/uploads\/2016\/03\/4a1d428c1ac84451d7261294fe3f7410-495x400.jpg\" title='Evento Cuiab\u00e1 2015 - Performance Ca\u00e7ula do Pandeiro' alt='Performance Ca\u00e7ula do Pandeiro' \/><\/div><\/a><a href=\"http:\/\/www.statussambashow.com.br\/site\/wp-content\/uploads\/2016\/03\/2fe70ecbf08c0ed44f99e7085ee7e749.jpg\" data-srcset=\"http:\/\/www.statussambashow.com.br\/site\/wp-content\/uploads\/2016\/03\/2fe70ecbf08c0ed44f99e7085ee7e749.jpg 640w, http:\/\/www.statussambashow.com.br\/site\/wp-content\/uploads\/2016\/03\/2fe70ecbf08c0ed44f99e7085ee7e749-300x225.jpg 300w, http:\/\/www.statussambashow.com.br\/site\/wp-content\/uploads\/2016\/03\/2fe70ecbf08c0ed44f99e7085ee7e749-450x338.jpg 450w\" data-sizes=\"(max-width: 640px) 100vw, 640px\" data-rel='gallery-1' data-prev-img='http:\/\/www.statussambashow.com.br\/site\/wp-content\/uploads\/2016\/03\/2fe70ecbf08c0ed44f99e7085ee7e749-495x400.jpg' class='first_thumb lightbox ' data-onclick='11' title='Evento Cuiab\u00e1 2015 - Samba Show'  itemprop=\"thumbnailUrl\"  ><img decoding=\"async\" fetchpriority=\"high\" class=\"wp-image-4757 avia-img-lazy-loading-not-4757\"   src=\"http:\/\/www.statussambashow.com.br\/site\/wp-content\/uploads\/2016\/03\/2fe70ecbf08c0ed44f99e7085ee7e749-300x225.jpg\" width=\"300\" height=\"225\"  title='Evento Cuiab\u00e1 2015 - Samba Show' alt='Samba Show com Bateria e Mulatas' srcset=\"http:\/\/www.statussambashow.com.br\/site\/wp-content\/uploads\/2016\/03\/2fe70ecbf08c0ed44f99e7085ee7e749-300x225.jpg 300w, http:\/\/www.statussambashow.com.br\/site\/wp-content\/uploads\/2016\/03\/2fe70ecbf08c0ed44f99e7085ee7e749-450x338.jpg 450w, http:\/\/www.statussambashow.com.br\/site\/wp-content\/uploads\/2016\/03\/2fe70ecbf08c0ed44f99e7085ee7e749.jpg 640w\" sizes=\"(max-width: 300px) 100vw, 300px\" \/><div class='big-prev-fake'><img decoding=\"async\" loading=\"lazy\" class=\"wp-image-4757 avia-img-lazy-loading-4757\"  width=\"495\" height=\"400\" src=\"http:\/\/www.statussambashow.com.br\/site\/wp-content\/uploads\/2016\/03\/2fe70ecbf08c0ed44f99e7085ee7e749-495x400.jpg\" title='Evento Cuiab\u00e1 2015 - Samba Show' alt='Samba Show com Bateria e Mulatas' \/><\/div><\/a><a href=\"http:\/\/www.statussambashow.com.br\/site\/wp-content\/uploads\/2016\/03\/0a8a4c8cb89e2cf2d9227c5a7bee17a3.jpg\" data-srcset=\"http:\/\/www.statussambashow.com.br\/site\/wp-content\/uploads\/2016\/03\/0a8a4c8cb89e2cf2d9227c5a7bee17a3.jpg 640w, http:\/\/www.statussambashow.com.br\/site\/wp-content\/uploads\/2016\/03\/0a8a4c8cb89e2cf2d9227c5a7bee17a3-300x225.jpg 300w, http:\/\/www.statussambashow.com.br\/site\/wp-content\/uploads\/2016\/03\/0a8a4c8cb89e2cf2d9227c5a7bee17a3-450x338.jpg 450w\" data-sizes=\"(max-width: 640px) 100vw, 640px\" data-rel='gallery-1' data-prev-img='http:\/\/www.statussambashow.com.br\/site\/wp-content\/uploads\/2016\/03\/0a8a4c8cb89e2cf2d9227c5a7bee17a3-495x400.jpg' class='lightbox ' data-onclick='12' title='Evento Cuiab\u00e1 2015 - Bateria de Escola de Samba 02'  itemprop=\"thumbnailUrl\"  ><img decoding=\"async\" fetchpriority=\"high\" class=\"wp-image-4756 avia-img-lazy-loading-not-4756\"   src=\"http:\/\/www.statussambashow.com.br\/site\/wp-content\/uploads\/2016\/03\/0a8a4c8cb89e2cf2d9227c5a7bee17a3-300x225.jpg\" width=\"300\" height=\"225\"  title='Evento Cuiab\u00e1 2015 - Bateria de Escola de Samba 02' alt='Bateria de Escola de Samba 02' srcset=\"http:\/\/www.statussambashow.com.br\/site\/wp-content\/uploads\/2016\/03\/0a8a4c8cb89e2cf2d9227c5a7bee17a3-300x225.jpg 300w, http:\/\/www.statussambashow.com.br\/site\/wp-content\/uploads\/2016\/03\/0a8a4c8cb89e2cf2d9227c5a7bee17a3-450x338.jpg 450w, http:\/\/www.statussambashow.com.br\/site\/wp-content\/uploads\/2016\/03\/0a8a4c8cb89e2cf2d9227c5a7bee17a3.jpg 640w\" sizes=\"(max-width: 300px) 100vw, 300px\" \/><div class='big-prev-fake'><img decoding=\"async\" loading=\"lazy\" class=\"wp-image-4756 avia-img-lazy-loading-4756\"  width=\"495\" height=\"400\" src=\"http:\/\/www.statussambashow.com.br\/site\/wp-content\/uploads\/2016\/03\/0a8a4c8cb89e2cf2d9227c5a7bee17a3-495x400.jpg\" title='Evento Cuiab\u00e1 2015 - Bateria de Escola de Samba 02' alt='Bateria de Escola de Samba 02' \/><\/div><\/a><a href=\"http:\/\/www.statussambashow.com.br\/site\/wp-content\/uploads\/2016\/03\/7feedffe3e8cc9f8120394a81530aa93.jpg\" data-srcset=\"http:\/\/www.statussambashow.com.br\/site\/wp-content\/uploads\/2016\/03\/7feedffe3e8cc9f8120394a81530aa93.jpg 640w, http:\/\/www.statussambashow.com.br\/site\/wp-content\/uploads\/2016\/03\/7feedffe3e8cc9f8120394a81530aa93-300x225.jpg 300w, http:\/\/www.statussambashow.com.br\/site\/wp-content\/uploads\/2016\/03\/7feedffe3e8cc9f8120394a81530aa93-450x338.jpg 450w\" data-sizes=\"(max-width: 640px) 100vw, 640px\" data-rel='gallery-1' data-prev-img='http:\/\/www.statussambashow.com.br\/site\/wp-content\/uploads\/2016\/03\/7feedffe3e8cc9f8120394a81530aa93-495x400.jpg' class='lightbox ' data-onclick='13' title='Evento Cuiab\u00e1 2015 - Mariana Pedro Mulata 02'  itemprop=\"thumbnailUrl\"  ><img decoding=\"async\" fetchpriority=\"high\" class=\"wp-image-4760 avia-img-lazy-loading-not-4760\"   src=\"http:\/\/www.statussambashow.com.br\/site\/wp-content\/uploads\/2016\/03\/7feedffe3e8cc9f8120394a81530aa93-300x225.jpg\" width=\"300\" height=\"225\"  title='Evento Cuiab\u00e1 2015 - Mariana Pedro Mulata 02' alt='Bela Mulata para evento' srcset=\"http:\/\/www.statussambashow.com.br\/site\/wp-content\/uploads\/2016\/03\/7feedffe3e8cc9f8120394a81530aa93-300x225.jpg 300w, http:\/\/www.statussambashow.com.br\/site\/wp-content\/uploads\/2016\/03\/7feedffe3e8cc9f8120394a81530aa93-450x338.jpg 450w, http:\/\/www.statussambashow.com.br\/site\/wp-content\/uploads\/2016\/03\/7feedffe3e8cc9f8120394a81530aa93.jpg 640w\" sizes=\"(max-width: 300px) 100vw, 300px\" \/><div class='big-prev-fake'><img decoding=\"async\" loading=\"lazy\" class=\"wp-image-4760 avia-img-lazy-loading-4760\"  width=\"495\" height=\"400\" src=\"http:\/\/www.statussambashow.com.br\/site\/wp-content\/uploads\/2016\/03\/7feedffe3e8cc9f8120394a81530aa93-495x400.jpg\" title='Evento Cuiab\u00e1 2015 - Mariana Pedro Mulata 02' alt='Bela Mulata para evento' \/><\/div><\/a><\/div><\/div>\n","protected":false},"excerpt":{"rendered":"<p>&nbsp; A proposta do Status Samba Show era fazer algo novo e diferente ent\u00e3o ao inv\u00e9s de come\u00e7ar o evento com o tradicional samba de escola de samba foi feito um inicio com Techno Samba Show, que \u00e9 um show onde a Bateria de Escola de Samba interage com Musicas do DJ, desde musica ELETRONICAS [&hellip;]<\/p>\n","protected":false},"author":3,"featured_media":4769,"comment_status":"closed","ping_status":"open","sticky":false,"template":"","format":"standard","meta":{"_bbp_topic_count":0,"_bbp_reply_count":0,"_bbp_total_topic_count":0,"_bbp_total_reply_count":0,"_bbp_voice_count":0,"_bbp_anonymous_reply_count":0,"_bbp_topic_count_hidden":0,"_bbp_reply_count_hidden":0,"_bbp_forum_subforum_count":0,"_monsterinsights_skip_tracking":false,"_monsterinsights_sitenote_active":false,"_monsterinsights_sitenote_note":"","_monsterinsights_sitenote_category":0,"_jetpack_memberships_contains_paid_content":false,"footnotes":""},"categories":[15,53],"tags":[46,116,71,70,65,44],"class_list":["post-4754","post","type-post","status-publish","format-standard","has-post-thumbnail","hentry","category-frontpage-article","category-noticias","tag-bateria-de-escola-de-samba","tag-bateria-nota-10","tag-mulatas","tag-passistas","tag-samba-show-2","tag-techno-samba-show"],"yoast_head":"<!-- This site is optimized with the Yoast SEO plugin v23.3 - https:\/\/yoast.com\/wordpress\/plugins\/seo\/ -->\n<title>ENCONTRO SUL AMERICANO DE CULTURA POPULAR - Status Samba Show<\/title>\n<meta name=\"robots\" content=\"index, follow, max-snippet:-1, max-image-preview:large, max-video-preview:-1\" \/>\n<link rel=\"canonical\" href=\"http:\/\/www.statussambashow.com.br\/site\/encontro-sul-americano-de-cultura-popular\/\" \/>\n<meta property=\"og:locale\" content=\"pt_BR\" \/>\n<meta property=\"og:type\" content=\"article\" \/>\n<meta property=\"og:title\" content=\"ENCONTRO SUL AMERICANO DE CULTURA POPULAR - Status Samba Show\" \/>\n<meta property=\"og:description\" content=\"&nbsp; A proposta do Status Samba Show era fazer algo novo e diferente ent\u00e3o ao inv\u00e9s de come\u00e7ar o evento com o tradicional samba de escola de samba foi feito um inicio com Techno Samba Show, que \u00e9 um show onde a Bateria de Escola de Samba interage com Musicas do DJ, desde musica ELETRONICAS [&hellip;]\" \/>\n<meta property=\"og:url\" content=\"http:\/\/www.statussambashow.com.br\/site\/encontro-sul-americano-de-cultura-popular\/\" \/>\n<meta property=\"og:site_name\" content=\"Status Samba Show\" \/>\n<meta property=\"article:publisher\" content=\"https:\/\/www.facebook.com\/statussambashow\" \/>\n<meta property=\"article:published_time\" content=\"2016-01-19T13:22:30+00:00\" \/>\n<meta property=\"article:modified_time\" content=\"2024-05-10T13:43:29+00:00\" \/>\n<meta property=\"og:image\" content=\"http:\/\/www.statussambashow.com.br\/site\/wp-content\/uploads\/2016\/03\/DSC01623-1030x578.jpg\" \/>\n\t<meta property=\"og:image:width\" content=\"1030\" \/>\n\t<meta property=\"og:image:height\" content=\"578\" \/>\n\t<meta property=\"og:image:type\" content=\"image\/jpeg\" \/>\n<meta name=\"author\" content=\"Status Samba Show\" \/>\n<meta name=\"twitter:card\" content=\"summary_large_image\" \/>\n<meta name=\"twitter:label1\" content=\"Escrito por\" \/>\n\t<meta name=\"twitter:data1\" content=\"Status Samba Show\" \/>\n\t<meta name=\"twitter:label2\" content=\"Est. tempo de leitura\" \/>\n\t<meta name=\"twitter:data2\" content=\"2 minutos\" \/>\n<script type=\"application\/ld+json\" class=\"yoast-schema-graph\">{\"@context\":\"https:\/\/schema.org\",\"@graph\":[{\"@type\":\"Article\",\"@id\":\"http:\/\/www.statussambashow.com.br\/site\/encontro-sul-americano-de-cultura-popular\/#article\",\"isPartOf\":{\"@id\":\"http:\/\/www.statussambashow.com.br\/site\/encontro-sul-americano-de-cultura-popular\/\"},\"author\":{\"name\":\"Status Samba Show\",\"@id\":\"http:\/\/www.statussambashow.com.br\/site\/#\/schema\/person\/13f5b52591c18648f6ad8dbd31c5565c\"},\"headline\":\"ENCONTRO SUL AMERICANO DE CULTURA POPULAR\",\"datePublished\":\"2016-01-19T13:22:30+00:00\",\"dateModified\":\"2024-05-10T13:43:29+00:00\",\"mainEntityOfPage\":{\"@id\":\"http:\/\/www.statussambashow.com.br\/site\/encontro-sul-americano-de-cultura-popular\/\"},\"wordCount\":323,\"publisher\":{\"@id\":\"http:\/\/www.statussambashow.com.br\/site\/#organization\"},\"image\":{\"@id\":\"http:\/\/www.statussambashow.com.br\/site\/encontro-sul-americano-de-cultura-popular\/#primaryimage\"},\"thumbnailUrl\":\"http:\/\/www.statussambashow.com.br\/site\/wp-content\/uploads\/2016\/03\/DSC01623.jpg\",\"keywords\":[\"bateria de escola de samba.\",\"bateria nota 10\",\"Mulatas\",\"Passistas\",\"samba show\",\"techno samba show\"],\"articleSection\":[\"Frontpage Article\",\"Not\u00edcias\"],\"inLanguage\":\"pt-BR\"},{\"@type\":\"WebPage\",\"@id\":\"http:\/\/www.statussambashow.com.br\/site\/encontro-sul-americano-de-cultura-popular\/\",\"url\":\"http:\/\/www.statussambashow.com.br\/site\/encontro-sul-americano-de-cultura-popular\/\",\"name\":\"ENCONTRO SUL AMERICANO DE CULTURA POPULAR - Status Samba Show\",\"isPartOf\":{\"@id\":\"http:\/\/www.statussambashow.com.br\/site\/#website\"},\"primaryImageOfPage\":{\"@id\":\"http:\/\/www.statussambashow.com.br\/site\/encontro-sul-americano-de-cultura-popular\/#primaryimage\"},\"image\":{\"@id\":\"http:\/\/www.statussambashow.com.br\/site\/encontro-sul-americano-de-cultura-popular\/#primaryimage\"},\"thumbnailUrl\":\"http:\/\/www.statussambashow.com.br\/site\/wp-content\/uploads\/2016\/03\/DSC01623.jpg\",\"datePublished\":\"2016-01-19T13:22:30+00:00\",\"dateModified\":\"2024-05-10T13:43:29+00:00\",\"breadcrumb\":{\"@id\":\"http:\/\/www.statussambashow.com.br\/site\/encontro-sul-americano-de-cultura-popular\/#breadcrumb\"},\"inLanguage\":\"pt-BR\",\"potentialAction\":[{\"@type\":\"ReadAction\",\"target\":[\"http:\/\/www.statussambashow.com.br\/site\/encontro-sul-americano-de-cultura-popular\/\"]}]},{\"@type\":\"ImageObject\",\"inLanguage\":\"pt-BR\",\"@id\":\"http:\/\/www.statussambashow.com.br\/site\/encontro-sul-americano-de-cultura-popular\/#primaryimage\",\"url\":\"http:\/\/www.statussambashow.com.br\/site\/wp-content\/uploads\/2016\/03\/DSC01623.jpg\",\"contentUrl\":\"http:\/\/www.statussambashow.com.br\/site\/wp-content\/uploads\/2016\/03\/DSC01623.jpg\",\"width\":5456,\"height\":3064,\"caption\":\"5\u00aa Edi\u00e7\u00e3o do Encontro Sul Americano de Cultura Popular\"},{\"@type\":\"BreadcrumbList\",\"@id\":\"http:\/\/www.statussambashow.com.br\/site\/encontro-sul-americano-de-cultura-popular\/#breadcrumb\",\"itemListElement\":[{\"@type\":\"ListItem\",\"position\":1,\"name\":\"In\u00edcio\",\"item\":\"http:\/\/www.statussambashow.com.br\/site\/\"},{\"@type\":\"ListItem\",\"position\":2,\"name\":\"ENCONTRO SUL AMERICANO DE CULTURA POPULAR\"}]},{\"@type\":\"WebSite\",\"@id\":\"http:\/\/www.statussambashow.com.br\/site\/#website\",\"url\":\"http:\/\/www.statussambashow.com.br\/site\/\",\"name\":\"Status Samba Show\",\"description\":\"Bateria de Escola de Samba para Festas de Casamento, Formaturas, Festas de Debutantes e Festas de Anivers\u00e1rios.\",\"publisher\":{\"@id\":\"http:\/\/www.statussambashow.com.br\/site\/#organization\"},\"potentialAction\":[{\"@type\":\"SearchAction\",\"target\":{\"@type\":\"EntryPoint\",\"urlTemplate\":\"http:\/\/www.statussambashow.com.br\/site\/?s={search_term_string}\"},\"query-input\":\"required name=search_term_string\"}],\"inLanguage\":\"pt-BR\"},{\"@type\":\"Organization\",\"@id\":\"http:\/\/www.statussambashow.com.br\/site\/#organization\",\"name\":\"Status Samba Show\",\"url\":\"http:\/\/www.statussambashow.com.br\/site\/\",\"logo\":{\"@type\":\"ImageObject\",\"inLanguage\":\"pt-BR\",\"@id\":\"http:\/\/www.statussambashow.com.br\/site\/#\/schema\/logo\/image\/\",\"url\":\"http:\/\/www.statussambashow.com.br\/site\/wp-content\/uploads\/2019\/07\/logo_fundo_trans.png\",\"contentUrl\":\"http:\/\/www.statussambashow.com.br\/site\/wp-content\/uploads\/2019\/07\/logo_fundo_trans.png\",\"width\":1575,\"height\":1575,\"caption\":\"Status Samba Show\"},\"image\":{\"@id\":\"http:\/\/www.statussambashow.com.br\/site\/#\/schema\/logo\/image\/\"},\"sameAs\":[\"https:\/\/www.facebook.com\/statussambashow\",\"https:\/\/www.instagram.com\/statussambashow\/\"]},{\"@type\":\"Person\",\"@id\":\"http:\/\/www.statussambashow.com.br\/site\/#\/schema\/person\/13f5b52591c18648f6ad8dbd31c5565c\",\"name\":\"Status Samba Show\",\"url\":\"http:\/\/www.statussambashow.com.br\/site\/author\/status-samba-show\/\"}]}<\/script>\n<!-- \/ Yoast SEO plugin. -->","yoast_head_json":{"title":"ENCONTRO SUL AMERICANO DE CULTURA POPULAR - Status Samba Show","robots":{"index":"index","follow":"follow","max-snippet":"max-snippet:-1","max-image-preview":"max-image-preview:large","max-video-preview":"max-video-preview:-1"},"canonical":"http:\/\/www.statussambashow.com.br\/site\/encontro-sul-americano-de-cultura-popular\/","og_locale":"pt_BR","og_type":"article","og_title":"ENCONTRO SUL AMERICANO DE CULTURA POPULAR - Status Samba Show","og_description":"&nbsp; A proposta do Status Samba Show era fazer algo novo e diferente ent\u00e3o ao inv\u00e9s de come\u00e7ar o evento com o tradicional samba de escola de samba foi feito um inicio com Techno Samba Show, que \u00e9 um show onde a Bateria de Escola de Samba interage com Musicas do DJ, desde musica ELETRONICAS [&hellip;]","og_url":"http:\/\/www.statussambashow.com.br\/site\/encontro-sul-americano-de-cultura-popular\/","og_site_name":"Status Samba Show","article_publisher":"https:\/\/www.facebook.com\/statussambashow","article_published_time":"2016-01-19T13:22:30+00:00","article_modified_time":"2024-05-10T13:43:29+00:00","og_image":[{"width":1030,"height":578,"url":"http:\/\/www.statussambashow.com.br\/site\/wp-content\/uploads\/2016\/03\/DSC01623-1030x578.jpg","type":"image\/jpeg"}],"author":"Status Samba Show","twitter_card":"summary_large_image","twitter_misc":{"Escrito por":"Status Samba Show","Est. tempo de leitura":"2 minutos"},"schema":{"@context":"https:\/\/schema.org","@graph":[{"@type":"Article","@id":"http:\/\/www.statussambashow.com.br\/site\/encontro-sul-americano-de-cultura-popular\/#article","isPartOf":{"@id":"http:\/\/www.statussambashow.com.br\/site\/encontro-sul-americano-de-cultura-popular\/"},"author":{"name":"Status Samba Show","@id":"http:\/\/www.statussambashow.com.br\/site\/#\/schema\/person\/13f5b52591c18648f6ad8dbd31c5565c"},"headline":"ENCONTRO SUL AMERICANO DE CULTURA POPULAR","datePublished":"2016-01-19T13:22:30+00:00","dateModified":"2024-05-10T13:43:29+00:00","mainEntityOfPage":{"@id":"http:\/\/www.statussambashow.com.br\/site\/encontro-sul-americano-de-cultura-popular\/"},"wordCount":323,"publisher":{"@id":"http:\/\/www.statussambashow.com.br\/site\/#organization"},"image":{"@id":"http:\/\/www.statussambashow.com.br\/site\/encontro-sul-americano-de-cultura-popular\/#primaryimage"},"thumbnailUrl":"http:\/\/www.statussambashow.com.br\/site\/wp-content\/uploads\/2016\/03\/DSC01623.jpg","keywords":["bateria de escola de samba.","bateria nota 10","Mulatas","Passistas","samba show","techno samba show"],"articleSection":["Frontpage Article","Not\u00edcias"],"inLanguage":"pt-BR"},{"@type":"WebPage","@id":"http:\/\/www.statussambashow.com.br\/site\/encontro-sul-americano-de-cultura-popular\/","url":"http:\/\/www.statussambashow.com.br\/site\/encontro-sul-americano-de-cultura-popular\/","name":"ENCONTRO SUL AMERICANO DE CULTURA POPULAR - Status Samba Show","isPartOf":{"@id":"http:\/\/www.statussambashow.com.br\/site\/#website"},"primaryImageOfPage":{"@id":"http:\/\/www.statussambashow.com.br\/site\/encontro-sul-americano-de-cultura-popular\/#primaryimage"},"image":{"@id":"http:\/\/www.statussambashow.com.br\/site\/encontro-sul-americano-de-cultura-popular\/#primaryimage"},"thumbnailUrl":"http:\/\/www.statussambashow.com.br\/site\/wp-content\/uploads\/2016\/03\/DSC01623.jpg","datePublished":"2016-01-19T13:22:30+00:00","dateModified":"2024-05-10T13:43:29+00:00","breadcrumb":{"@id":"http:\/\/www.statussambashow.com.br\/site\/encontro-sul-americano-de-cultura-popular\/#breadcrumb"},"inLanguage":"pt-BR","potentialAction":[{"@type":"ReadAction","target":["http:\/\/www.statussambashow.com.br\/site\/encontro-sul-americano-de-cultura-popular\/"]}]},{"@type":"ImageObject","inLanguage":"pt-BR","@id":"http:\/\/www.statussambashow.com.br\/site\/encontro-sul-americano-de-cultura-popular\/#primaryimage","url":"http:\/\/www.statussambashow.com.br\/site\/wp-content\/uploads\/2016\/03\/DSC01623.jpg","contentUrl":"http:\/\/www.statussambashow.com.br\/site\/wp-content\/uploads\/2016\/03\/DSC01623.jpg","width":5456,"height":3064,"caption":"5\u00aa Edi\u00e7\u00e3o do Encontro Sul Americano de Cultura Popular"},{"@type":"BreadcrumbList","@id":"http:\/\/www.statussambashow.com.br\/site\/encontro-sul-americano-de-cultura-popular\/#breadcrumb","itemListElement":[{"@type":"ListItem","position":1,"name":"In\u00edcio","item":"http:\/\/www.statussambashow.com.br\/site\/"},{"@type":"ListItem","position":2,"name":"ENCONTRO SUL AMERICANO DE CULTURA POPULAR"}]},{"@type":"WebSite","@id":"http:\/\/www.statussambashow.com.br\/site\/#website","url":"http:\/\/www.statussambashow.com.br\/site\/","name":"Status Samba Show","description":"Bateria de Escola de Samba para Festas de Casamento, Formaturas, Festas de Debutantes e Festas de Anivers\u00e1rios.","publisher":{"@id":"http:\/\/www.statussambashow.com.br\/site\/#organization"},"potentialAction":[{"@type":"SearchAction","target":{"@type":"EntryPoint","urlTemplate":"http:\/\/www.statussambashow.com.br\/site\/?s={search_term_string}"},"query-input":"required name=search_term_string"}],"inLanguage":"pt-BR"},{"@type":"Organization","@id":"http:\/\/www.statussambashow.com.br\/site\/#organization","name":"Status Samba Show","url":"http:\/\/www.statussambashow.com.br\/site\/","logo":{"@type":"ImageObject","inLanguage":"pt-BR","@id":"http:\/\/www.statussambashow.com.br\/site\/#\/schema\/logo\/image\/","url":"http:\/\/www.statussambashow.com.br\/site\/wp-content\/uploads\/2019\/07\/logo_fundo_trans.png","contentUrl":"http:\/\/www.statussambashow.com.br\/site\/wp-content\/uploads\/2019\/07\/logo_fundo_trans.png","width":1575,"height":1575,"caption":"Status Samba Show"},"image":{"@id":"http:\/\/www.statussambashow.com.br\/site\/#\/schema\/logo\/image\/"},"sameAs":["https:\/\/www.facebook.com\/statussambashow","https:\/\/www.instagram.com\/statussambashow\/"]},{"@type":"Person","@id":"http:\/\/www.statussambashow.com.br\/site\/#\/schema\/person\/13f5b52591c18648f6ad8dbd31c5565c","name":"Status Samba Show","url":"http:\/\/www.statussambashow.com.br\/site\/author\/status-samba-show\/"}]}},"jetpack_sharing_enabled":true,"jetpack_featured_media_url":"http:\/\/www.statussambashow.com.br\/site\/wp-content\/uploads\/2016\/03\/DSC01623.jpg","jetpack-related-posts":[],"_links":{"self":[{"href":"http:\/\/www.statussambashow.com.br\/site\/wp-json\/wp\/v2\/posts\/4754"}],"collection":[{"href":"http:\/\/www.statussambashow.com.br\/site\/wp-json\/wp\/v2\/posts"}],"about":[{"href":"http:\/\/www.statussambashow.com.br\/site\/wp-json\/wp\/v2\/types\/post"}],"author":[{"embeddable":true,"href":"http:\/\/www.statussambashow.com.br\/site\/wp-json\/wp\/v2\/users\/3"}],"replies":[{"embeddable":true,"href":"http:\/\/www.statussambashow.com.br\/site\/wp-json\/wp\/v2\/comments?post=4754"}],"version-history":[{"count":12,"href":"http:\/\/www.statussambashow.com.br\/site\/wp-json\/wp\/v2\/posts\/4754\/revisions"}],"predecessor-version":[{"id":475948,"href":"http:\/\/www.statussambashow.com.br\/site\/wp-json\/wp\/v2\/posts\/4754\/revisions\/475948"}],"wp:featuredmedia":[{"embeddable":true,"href":"http:\/\/www.statussambashow.com.br\/site\/wp-json\/wp\/v2\/media\/4769"}],"wp:attachment":[{"href":"http:\/\/www.statussambashow.com.br\/site\/wp-json\/wp\/v2\/media?parent=4754"}],"wp:term":[{"taxonomy":"category","embeddable":true,"href":"http:\/\/www.statussambashow.com.br\/site\/wp-json\/wp\/v2\/categories?post=4754"},{"taxonomy":"post_tag","embeddable":true,"href":"http:\/\/www.statussambashow.com.br\/site\/wp-json\/wp\/v2\/tags?post=4754"}],"curies":[{"name":"wp","href":"https:\/\/api.w.org\/{rel}","templated":true}]}}