{"id":460294,"date":"2024-04-18T12:03:10","date_gmt":"2024-04-18T15:03:10","guid":{"rendered":"http:\/\/www.statussambashow.com.br\/site\/?p=460294"},"modified":"2024-05-21T13:00:06","modified_gmt":"2024-05-21T16:00:06","slug":"festa-de-casamento-grasi-henrique-08-04-2023","status":"publish","type":"post","link":"http:\/\/www.statussambashow.com.br\/site\/festa-de-casamento-grasi-henrique-08-04-2023\/","title":{"rendered":"Festa de Casamento &#8211; Grasi &#038; Henrique &#8211; 08\/04\/2023"},"content":{"rendered":"\n<style type=\"text\/css\" data-created_by=\"avia_inline_auto\" id=\"style-css-av-lhrv00s2-ed4498ca98511d0bd3966aad7e5faaa0\">\n#top .av-special-heading.av-lhrv00s2-ed4498ca98511d0bd3966aad7e5faaa0{\npadding-bottom:10px;\n}\nbody .av-special-heading.av-lhrv00s2-ed4498ca98511d0bd3966aad7e5faaa0 .av-special-heading-tag .heading-char{\nfont-size:25px;\n}\n.av-special-heading.av-lhrv00s2-ed4498ca98511d0bd3966aad7e5faaa0 .av-subheading{\nfont-size:15px;\n}\n<\/style>\n<div  class='av-special-heading av-lhrv00s2-ed4498ca98511d0bd3966aad7e5faaa0 av-special-heading-h1 meta-heading blockquote classic-quote  avia-builder-el-0  el_before_av_textblock  avia-builder-el-first '><h1 class='av-special-heading-tag'  itemprop=\"headline\"  >Grasi <span class='special_amp'>&amp;<\/span> Henrique<\/h1><div class=\"special-heading-border\"><div class=\"special-heading-inner-border\"><\/div><\/div><\/div>\n<section  class='av_textblock_section av-lfepg6qr-f6ca88ccf3c992fb235c1df3d71fa4ab '   itemscope=\"itemscope\" itemtype=\"https:\/\/schema.org\/BlogPosting\" itemprop=\"blogPost\" ><div class='avia_textblock'  itemprop=\"text\" ><p><span class='av_dropcap2 av-av_dropcap2-bd3e2e98007e8df5c1bbaff1392a902e'>\u00c9<\/span> Hoje o dia da alegria e a tristeza, nem pode pensar em chegar&#8230;&#8221;. E alegria foi o que n\u00e3o faltou nessa bel\u00edssima e animada Festa de Casamento do casal <strong>Grasi &#038; Henrique<\/strong>.<\/p>\n<p>Assim a equipe da <strong>Status Samba Show<\/strong> teve a possibilidade de participar desse momento t\u00e3o importante e especial na vida do casal, levando muita felicidade e entusiamo com a atra\u00e7\u00e3o de Samba Show. O casal de noivos proporcionou essa atra\u00e7\u00e3o surpresa aos seus convidados, quando de de forma totalmente inesperada entra em cena a equipe da Status Samba Show com sua Bateria Nota 10. Logo na sequencia, em conjunto com seu cantor Murilo, diretamente do bairro do Bexiga, cantou e tocou com seu cavaco, um repert\u00f3rio bem diversificado e animado, com m\u00fasicas de diversos ritmos e estilos, que n\u00e3o deixaram ningu\u00e9m ficar parado. Como se n\u00e3o bastasse, a atra\u00e7\u00e3o teve a participa\u00e7ao ainda da duplas de Passistas da Status Samba Show Elaine de Abreu e Nathany Piemonte, duas b\u00e9lissimas Passistas, que al\u00e9m de toda beleza, ainda com toda anima\u00e7\u00e3o e samba no p\u00e9 sem igual, onde fizeram toda a diferen\u00e7a na festa, sambando e interagindo com o casal e seus convidados. A anima\u00e7\u00e3o e intera\u00e7\u00e3o foi total, onde todos os convidados n\u00e3o resistiram e acabaram &#8220;caindo no samba&#8221; curtindo e aproveitando cada momento dessa Festa de Casamento t\u00e3o especial.<\/p>\n<p>Evento realizado na <b>Casa Bertolazzi<\/b>, bairro de Santana em S\u00e3o Paulo, na data de 08\/04\/2023.<\/p>\n<p>Toda a equipe da <strong>Status Samba Show<\/strong> agradece profundamente a oportunidade e confian\u00e7a e deseja felicidades eternas ao casal.<\/p>\n<p>Confira algumas fotos do evento:<\/p>\n<\/div><\/section>\n\n<style type=\"text\/css\" data-created_by=\"avia_inline_auto\" id=\"style-css-av-2b1niq-61a258ceb60950196d0a18ed878307aa\">\n#top .avia-gallery.av-2b1niq-61a258ceb60950196d0a18ed878307aa .avia-gallery-thumb a{\nwidth:20%;\n}\n<\/style>\n<div  class='avia-gallery av-2b1niq-61a258ceb60950196d0a18ed878307aa avia_animate_when_visible  avia-builder-el-2  el_after_av_textblock  el_before_av_video  avia_lazyload avia-gallery-animate avia-gallery-1'  itemprop=\"image\" itemscope=\"itemscope\" itemtype=\"https:\/\/schema.org\/ImageObject\" ><meta itemprop=\"contentURL\" content=\"http:\/\/www.statussambashow.com.br\/site\/festa-de-casamento-grasi-henrique-08-04-2023\/\"><div class='avia-gallery-thumb'><a href=\"http:\/\/www.statussambashow.com.br\/site\/wp-content\/uploads\/2023\/05\/Festa-de-Casamento-Grasi-e-Henrique-08-04-2023-0027-1030x686.jpg\" data-srcset=\"http:\/\/www.statussambashow.com.br\/site\/wp-content\/uploads\/2023\/05\/Festa-de-Casamento-Grasi-e-Henrique-08-04-2023-0027-1030x686.jpg 1030w, http:\/\/www.statussambashow.com.br\/site\/wp-content\/uploads\/2023\/05\/Festa-de-Casamento-Grasi-e-Henrique-08-04-2023-0027-300x200.jpg 300w, http:\/\/www.statussambashow.com.br\/site\/wp-content\/uploads\/2023\/05\/Festa-de-Casamento-Grasi-e-Henrique-08-04-2023-0027-768x511.jpg 768w, http:\/\/www.statussambashow.com.br\/site\/wp-content\/uploads\/2023\/05\/Festa-de-Casamento-Grasi-e-Henrique-08-04-2023-0027-705x469.jpg 705w, http:\/\/www.statussambashow.com.br\/site\/wp-content\/uploads\/2023\/05\/Festa-de-Casamento-Grasi-e-Henrique-08-04-2023-0027-450x300.jpg 450w, http:\/\/www.statussambashow.com.br\/site\/wp-content\/uploads\/2023\/05\/Festa-de-Casamento-Grasi-e-Henrique-08-04-2023-0027.jpg 1280w\" data-sizes=\"(max-width: 1030px) 100vw, 1030px\" data-rel='gallery-1' data-prev-img='http:\/\/www.statussambashow.com.br\/site\/wp-content\/uploads\/2023\/05\/Festa-de-Casamento-Grasi-e-Henrique-08-04-2023-0027-495x400.jpg' class='first_thumb lightbox ' data-onclick='1' title='Festa de Casamento -Grasi-e-Henrique-08-04-2023-0027'  itemprop=\"thumbnailUrl\"  ><img decoding=\"async\" fetchpriority=\"high\" class=\"wp-image-460285 avia-img-lazy-loading-not-460285\"   src=\"http:\/\/www.statussambashow.com.br\/site\/wp-content\/uploads\/2023\/05\/Festa-de-Casamento-Grasi-e-Henrique-08-04-2023-0027-495x400.jpg\" width=\"495\" height=\"400\"  title='Festa de Casamento -Grasi-e-Henrique-08-04-2023-0027' alt='Cantor Murilo e Noiva Grasi recebendo Bateria em Festa de Casamento' srcset=\"http:\/\/www.statussambashow.com.br\/site\/wp-content\/uploads\/2023\/05\/Festa-de-Casamento-Grasi-e-Henrique-08-04-2023-0027-495x400.jpg 495w, http:\/\/www.statussambashow.com.br\/site\/wp-content\/uploads\/2023\/05\/Festa-de-Casamento-Grasi-e-Henrique-08-04-2023-0027-845x684.jpg 845w\" sizes=\"(max-width: 495px) 100vw, 495px\" \/><div class='big-prev-fake'><img decoding=\"async\" loading=\"lazy\" class=\"wp-image-460285 avia-img-lazy-loading-460285\"  width=\"495\" height=\"400\" src=\"http:\/\/www.statussambashow.com.br\/site\/wp-content\/uploads\/2023\/05\/Festa-de-Casamento-Grasi-e-Henrique-08-04-2023-0027-495x400.jpg\" title='Festa de Casamento -Grasi-e-Henrique-08-04-2023-0027' alt='Cantor Murilo e Noiva Grasi recebendo Bateria em Festa de Casamento' srcset=\"http:\/\/www.statussambashow.com.br\/site\/wp-content\/uploads\/2023\/05\/Festa-de-Casamento-Grasi-e-Henrique-08-04-2023-0027-495x400.jpg 495w, http:\/\/www.statussambashow.com.br\/site\/wp-content\/uploads\/2023\/05\/Festa-de-Casamento-Grasi-e-Henrique-08-04-2023-0027-845x684.jpg 845w\" sizes=\"(max-width: 495px) 100vw, 495px\" \/><\/div><\/a><a href=\"http:\/\/www.statussambashow.com.br\/site\/wp-content\/uploads\/2023\/05\/Festa-de-Casamento-Grasi-e-Henrique-08-04-2023-0024-1030x686.jpg\" data-srcset=\"http:\/\/www.statussambashow.com.br\/site\/wp-content\/uploads\/2023\/05\/Festa-de-Casamento-Grasi-e-Henrique-08-04-2023-0024-1030x686.jpg 1030w, http:\/\/www.statussambashow.com.br\/site\/wp-content\/uploads\/2023\/05\/Festa-de-Casamento-Grasi-e-Henrique-08-04-2023-0024-300x200.jpg 300w, http:\/\/www.statussambashow.com.br\/site\/wp-content\/uploads\/2023\/05\/Festa-de-Casamento-Grasi-e-Henrique-08-04-2023-0024-768x511.jpg 768w, http:\/\/www.statussambashow.com.br\/site\/wp-content\/uploads\/2023\/05\/Festa-de-Casamento-Grasi-e-Henrique-08-04-2023-0024-705x469.jpg 705w, http:\/\/www.statussambashow.com.br\/site\/wp-content\/uploads\/2023\/05\/Festa-de-Casamento-Grasi-e-Henrique-08-04-2023-0024-450x300.jpg 450w, http:\/\/www.statussambashow.com.br\/site\/wp-content\/uploads\/2023\/05\/Festa-de-Casamento-Grasi-e-Henrique-08-04-2023-0024.jpg 1280w\" data-sizes=\"(max-width: 1030px) 100vw, 1030px\" data-rel='gallery-1' data-prev-img='http:\/\/www.statussambashow.com.br\/site\/wp-content\/uploads\/2023\/05\/Festa-de-Casamento-Grasi-e-Henrique-08-04-2023-0024-495x400.jpg' class='lightbox ' data-onclick='2' title='Festa de Casamento -Grasi-e-Henrique-08-04-2023-0024'  itemprop=\"thumbnailUrl\"  ><img decoding=\"async\" fetchpriority=\"high\" class=\"wp-image-460283 avia-img-lazy-loading-not-460283\"   src=\"http:\/\/www.statussambashow.com.br\/site\/wp-content\/uploads\/2023\/05\/Festa-de-Casamento-Grasi-e-Henrique-08-04-2023-0024-495x400.jpg\" width=\"495\" height=\"400\"  title='Festa de Casamento -Grasi-e-Henrique-08-04-2023-0024' alt='Noiva Grasi e rimistas Rodrigo, Ricardo de Almeida e Bruno Breton' srcset=\"http:\/\/www.statussambashow.com.br\/site\/wp-content\/uploads\/2023\/05\/Festa-de-Casamento-Grasi-e-Henrique-08-04-2023-0024-495x400.jpg 495w, http:\/\/www.statussambashow.com.br\/site\/wp-content\/uploads\/2023\/05\/Festa-de-Casamento-Grasi-e-Henrique-08-04-2023-0024-845x684.jpg 845w\" sizes=\"(max-width: 495px) 100vw, 495px\" \/><div class='big-prev-fake'><img decoding=\"async\" loading=\"lazy\" class=\"wp-image-460283 avia-img-lazy-loading-460283\"  width=\"495\" height=\"400\" src=\"http:\/\/www.statussambashow.com.br\/site\/wp-content\/uploads\/2023\/05\/Festa-de-Casamento-Grasi-e-Henrique-08-04-2023-0024-495x400.jpg\" title='Festa de Casamento -Grasi-e-Henrique-08-04-2023-0024' alt='Noiva Grasi e rimistas Rodrigo, Ricardo de Almeida e Bruno Breton' srcset=\"http:\/\/www.statussambashow.com.br\/site\/wp-content\/uploads\/2023\/05\/Festa-de-Casamento-Grasi-e-Henrique-08-04-2023-0024-495x400.jpg 495w, http:\/\/www.statussambashow.com.br\/site\/wp-content\/uploads\/2023\/05\/Festa-de-Casamento-Grasi-e-Henrique-08-04-2023-0024-845x684.jpg 845w\" sizes=\"(max-width: 495px) 100vw, 495px\" \/><\/div><\/a><a href=\"http:\/\/www.statussambashow.com.br\/site\/wp-content\/uploads\/2023\/05\/Festa-de-Casamento-Grasi-e-Henrique-08-04-2023-0007-1030x686.jpg\" data-srcset=\"http:\/\/www.statussambashow.com.br\/site\/wp-content\/uploads\/2023\/05\/Festa-de-Casamento-Grasi-e-Henrique-08-04-2023-0007-1030x686.jpg 1030w, http:\/\/www.statussambashow.com.br\/site\/wp-content\/uploads\/2023\/05\/Festa-de-Casamento-Grasi-e-Henrique-08-04-2023-0007-300x200.jpg 300w, http:\/\/www.statussambashow.com.br\/site\/wp-content\/uploads\/2023\/05\/Festa-de-Casamento-Grasi-e-Henrique-08-04-2023-0007-768x511.jpg 768w, http:\/\/www.statussambashow.com.br\/site\/wp-content\/uploads\/2023\/05\/Festa-de-Casamento-Grasi-e-Henrique-08-04-2023-0007-705x469.jpg 705w, http:\/\/www.statussambashow.com.br\/site\/wp-content\/uploads\/2023\/05\/Festa-de-Casamento-Grasi-e-Henrique-08-04-2023-0007-450x300.jpg 450w, http:\/\/www.statussambashow.com.br\/site\/wp-content\/uploads\/2023\/05\/Festa-de-Casamento-Grasi-e-Henrique-08-04-2023-0007.jpg 1280w\" data-sizes=\"(max-width: 1030px) 100vw, 1030px\" data-rel='gallery-1' data-prev-img='http:\/\/www.statussambashow.com.br\/site\/wp-content\/uploads\/2023\/05\/Festa-de-Casamento-Grasi-e-Henrique-08-04-2023-0007-495x400.jpg' class='lightbox ' data-onclick='3' title='Festa de Casamento -Grasi-e-Henrique-08-04-2023-0007'  itemprop=\"thumbnailUrl\"  ><img decoding=\"async\" fetchpriority=\"high\" class=\"wp-image-460278 avia-img-lazy-loading-not-460278\"   src=\"http:\/\/www.statussambashow.com.br\/site\/wp-content\/uploads\/2023\/05\/Festa-de-Casamento-Grasi-e-Henrique-08-04-2023-0007-495x400.jpg\" width=\"495\" height=\"400\"  title='Festa de Casamento -Grasi-e-Henrique-08-04-2023-0007' alt='Noiva Grasi recebendo Passista Elaine de Abreu em sua Festa de Casamento' srcset=\"http:\/\/www.statussambashow.com.br\/site\/wp-content\/uploads\/2023\/05\/Festa-de-Casamento-Grasi-e-Henrique-08-04-2023-0007-495x400.jpg 495w, http:\/\/www.statussambashow.com.br\/site\/wp-content\/uploads\/2023\/05\/Festa-de-Casamento-Grasi-e-Henrique-08-04-2023-0007-845x684.jpg 845w\" sizes=\"(max-width: 495px) 100vw, 495px\" \/><div class='big-prev-fake'><img decoding=\"async\" loading=\"lazy\" class=\"wp-image-460278 avia-img-lazy-loading-460278\"  width=\"495\" height=\"400\" src=\"http:\/\/www.statussambashow.com.br\/site\/wp-content\/uploads\/2023\/05\/Festa-de-Casamento-Grasi-e-Henrique-08-04-2023-0007-495x400.jpg\" title='Festa de Casamento -Grasi-e-Henrique-08-04-2023-0007' alt='Noiva Grasi recebendo Passista Elaine de Abreu em sua Festa de Casamento' srcset=\"http:\/\/www.statussambashow.com.br\/site\/wp-content\/uploads\/2023\/05\/Festa-de-Casamento-Grasi-e-Henrique-08-04-2023-0007-495x400.jpg 495w, http:\/\/www.statussambashow.com.br\/site\/wp-content\/uploads\/2023\/05\/Festa-de-Casamento-Grasi-e-Henrique-08-04-2023-0007-845x684.jpg 845w\" sizes=\"(max-width: 495px) 100vw, 495px\" \/><\/div><\/a><a href=\"http:\/\/www.statussambashow.com.br\/site\/wp-content\/uploads\/2023\/05\/Festa-de-Casamento-Grasi-e-Henrique-08-04-2023-0012-1030x686.jpg\" data-srcset=\"http:\/\/www.statussambashow.com.br\/site\/wp-content\/uploads\/2023\/05\/Festa-de-Casamento-Grasi-e-Henrique-08-04-2023-0012-1030x686.jpg 1030w, http:\/\/www.statussambashow.com.br\/site\/wp-content\/uploads\/2023\/05\/Festa-de-Casamento-Grasi-e-Henrique-08-04-2023-0012-300x200.jpg 300w, http:\/\/www.statussambashow.com.br\/site\/wp-content\/uploads\/2023\/05\/Festa-de-Casamento-Grasi-e-Henrique-08-04-2023-0012-768x511.jpg 768w, http:\/\/www.statussambashow.com.br\/site\/wp-content\/uploads\/2023\/05\/Festa-de-Casamento-Grasi-e-Henrique-08-04-2023-0012-705x469.jpg 705w, http:\/\/www.statussambashow.com.br\/site\/wp-content\/uploads\/2023\/05\/Festa-de-Casamento-Grasi-e-Henrique-08-04-2023-0012-450x300.jpg 450w, http:\/\/www.statussambashow.com.br\/site\/wp-content\/uploads\/2023\/05\/Festa-de-Casamento-Grasi-e-Henrique-08-04-2023-0012.jpg 1280w\" data-sizes=\"(max-width: 1030px) 100vw, 1030px\" data-rel='gallery-1' data-prev-img='http:\/\/www.statussambashow.com.br\/site\/wp-content\/uploads\/2023\/05\/Festa-de-Casamento-Grasi-e-Henrique-08-04-2023-0012-495x400.jpg' class='lightbox ' data-onclick='4' title='Festa de Casamento -Grasi-e-Henrique-08-04-2023-0012'  itemprop=\"thumbnailUrl\"  ><img decoding=\"async\" fetchpriority=\"high\" class=\"wp-image-460279 avia-img-lazy-loading-not-460279\"   src=\"http:\/\/www.statussambashow.com.br\/site\/wp-content\/uploads\/2023\/05\/Festa-de-Casamento-Grasi-e-Henrique-08-04-2023-0012-495x400.jpg\" width=\"495\" height=\"400\"  title='Festa de Casamento -Grasi-e-Henrique-08-04-2023-0012' alt='Noiva Grasi recebendo Passista Nathany Piemonte em sua Festa de Casamento' srcset=\"http:\/\/www.statussambashow.com.br\/site\/wp-content\/uploads\/2023\/05\/Festa-de-Casamento-Grasi-e-Henrique-08-04-2023-0012-495x400.jpg 495w, http:\/\/www.statussambashow.com.br\/site\/wp-content\/uploads\/2023\/05\/Festa-de-Casamento-Grasi-e-Henrique-08-04-2023-0012-845x684.jpg 845w\" sizes=\"(max-width: 495px) 100vw, 495px\" \/><div class='big-prev-fake'><img decoding=\"async\" loading=\"lazy\" class=\"wp-image-460279 avia-img-lazy-loading-460279\"  width=\"495\" height=\"400\" src=\"http:\/\/www.statussambashow.com.br\/site\/wp-content\/uploads\/2023\/05\/Festa-de-Casamento-Grasi-e-Henrique-08-04-2023-0012-495x400.jpg\" title='Festa de Casamento -Grasi-e-Henrique-08-04-2023-0012' alt='Noiva Grasi recebendo Passista Nathany Piemonte em sua Festa de Casamento' srcset=\"http:\/\/www.statussambashow.com.br\/site\/wp-content\/uploads\/2023\/05\/Festa-de-Casamento-Grasi-e-Henrique-08-04-2023-0012-495x400.jpg 495w, http:\/\/www.statussambashow.com.br\/site\/wp-content\/uploads\/2023\/05\/Festa-de-Casamento-Grasi-e-Henrique-08-04-2023-0012-845x684.jpg 845w\" sizes=\"(max-width: 495px) 100vw, 495px\" \/><\/div><\/a><a href=\"http:\/\/www.statussambashow.com.br\/site\/wp-content\/uploads\/2023\/05\/Festa-de-Casamento-Grasi-e-Henrique-08-04-2023-0028-1030x687.jpg\" data-srcset=\"http:\/\/www.statussambashow.com.br\/site\/wp-content\/uploads\/2023\/05\/Festa-de-Casamento-Grasi-e-Henrique-08-04-2023-0028-1030x687.jpg 1030w, http:\/\/www.statussambashow.com.br\/site\/wp-content\/uploads\/2023\/05\/Festa-de-Casamento-Grasi-e-Henrique-08-04-2023-0028-300x200.jpg 300w, http:\/\/www.statussambashow.com.br\/site\/wp-content\/uploads\/2023\/05\/Festa-de-Casamento-Grasi-e-Henrique-08-04-2023-0028-768x512.jpg 768w, http:\/\/www.statussambashow.com.br\/site\/wp-content\/uploads\/2023\/05\/Festa-de-Casamento-Grasi-e-Henrique-08-04-2023-0028-705x470.jpg 705w, http:\/\/www.statussambashow.com.br\/site\/wp-content\/uploads\/2023\/05\/Festa-de-Casamento-Grasi-e-Henrique-08-04-2023-0028-450x300.jpg 450w, http:\/\/www.statussambashow.com.br\/site\/wp-content\/uploads\/2023\/05\/Festa-de-Casamento-Grasi-e-Henrique-08-04-2023-0028.jpg 1280w\" data-sizes=\"(max-width: 1030px) 100vw, 1030px\" data-rel='gallery-1' data-prev-img='http:\/\/www.statussambashow.com.br\/site\/wp-content\/uploads\/2023\/05\/Festa-de-Casamento-Grasi-e-Henrique-08-04-2023-0028-495x400.jpg' class='lightbox ' data-onclick='5' title='Festa de Casamento -Grasi-e-Henrique-08-04-2023-0028'  itemprop=\"thumbnailUrl\"  ><img decoding=\"async\" fetchpriority=\"high\" class=\"wp-image-460263 avia-img-lazy-loading-not-460263\"   src=\"http:\/\/www.statussambashow.com.br\/site\/wp-content\/uploads\/2023\/05\/Festa-de-Casamento-Grasi-e-Henrique-08-04-2023-0028-495x400.jpg\" width=\"495\" height=\"400\"  title='Festa de Casamento -Grasi-e-Henrique-08-04-2023-0028' alt='Passista Elaine de Abreu interagindo com os convidados' srcset=\"http:\/\/www.statussambashow.com.br\/site\/wp-content\/uploads\/2023\/05\/Festa-de-Casamento-Grasi-e-Henrique-08-04-2023-0028-495x400.jpg 495w, http:\/\/www.statussambashow.com.br\/site\/wp-content\/uploads\/2023\/05\/Festa-de-Casamento-Grasi-e-Henrique-08-04-2023-0028-845x684.jpg 845w\" sizes=\"(max-width: 495px) 100vw, 495px\" \/><div class='big-prev-fake'><img decoding=\"async\" loading=\"lazy\" class=\"wp-image-460263 avia-img-lazy-loading-460263\"  width=\"495\" height=\"400\" src=\"http:\/\/www.statussambashow.com.br\/site\/wp-content\/uploads\/2023\/05\/Festa-de-Casamento-Grasi-e-Henrique-08-04-2023-0028-495x400.jpg\" title='Festa de Casamento -Grasi-e-Henrique-08-04-2023-0028' alt='Passista Elaine de Abreu interagindo com os convidados' srcset=\"http:\/\/www.statussambashow.com.br\/site\/wp-content\/uploads\/2023\/05\/Festa-de-Casamento-Grasi-e-Henrique-08-04-2023-0028-495x400.jpg 495w, http:\/\/www.statussambashow.com.br\/site\/wp-content\/uploads\/2023\/05\/Festa-de-Casamento-Grasi-e-Henrique-08-04-2023-0028-845x684.jpg 845w\" sizes=\"(max-width: 495px) 100vw, 495px\" \/><\/div><\/a><a href=\"http:\/\/www.statussambashow.com.br\/site\/wp-content\/uploads\/2023\/05\/Festa-de-Casamento-Grasi-e-Henrique-08-04-2023-0002-1030x686.jpg\" data-srcset=\"http:\/\/www.statussambashow.com.br\/site\/wp-content\/uploads\/2023\/05\/Festa-de-Casamento-Grasi-e-Henrique-08-04-2023-0002-1030x686.jpg 1030w, http:\/\/www.statussambashow.com.br\/site\/wp-content\/uploads\/2023\/05\/Festa-de-Casamento-Grasi-e-Henrique-08-04-2023-0002-300x200.jpg 300w, http:\/\/www.statussambashow.com.br\/site\/wp-content\/uploads\/2023\/05\/Festa-de-Casamento-Grasi-e-Henrique-08-04-2023-0002-768x511.jpg 768w, http:\/\/www.statussambashow.com.br\/site\/wp-content\/uploads\/2023\/05\/Festa-de-Casamento-Grasi-e-Henrique-08-04-2023-0002-705x469.jpg 705w, http:\/\/www.statussambashow.com.br\/site\/wp-content\/uploads\/2023\/05\/Festa-de-Casamento-Grasi-e-Henrique-08-04-2023-0002-450x300.jpg 450w, http:\/\/www.statussambashow.com.br\/site\/wp-content\/uploads\/2023\/05\/Festa-de-Casamento-Grasi-e-Henrique-08-04-2023-0002.jpg 1280w\" data-sizes=\"(max-width: 1030px) 100vw, 1030px\" data-rel='gallery-1' data-prev-img='http:\/\/www.statussambashow.com.br\/site\/wp-content\/uploads\/2023\/05\/Festa-de-Casamento-Grasi-e-Henrique-08-04-2023-0002-495x400.jpg' class='first_thumb lightbox ' data-onclick='6' title='Festa de Casamento -Grasi-e-Henrique-08-04-2023-0002'  itemprop=\"thumbnailUrl\"  ><img decoding=\"async\" fetchpriority=\"high\" class=\"wp-image-460276 avia-img-lazy-loading-not-460276\"   src=\"http:\/\/www.statussambashow.com.br\/site\/wp-content\/uploads\/2023\/05\/Festa-de-Casamento-Grasi-e-Henrique-08-04-2023-0002-495x400.jpg\" width=\"495\" height=\"400\"  title='Festa de Casamento -Grasi-e-Henrique-08-04-2023-0002' alt='Passista Elaine de Abreu sambando junto com a Bateria nota 10 da Status Samba Show' srcset=\"http:\/\/www.statussambashow.com.br\/site\/wp-content\/uploads\/2023\/05\/Festa-de-Casamento-Grasi-e-Henrique-08-04-2023-0002-495x400.jpg 495w, http:\/\/www.statussambashow.com.br\/site\/wp-content\/uploads\/2023\/05\/Festa-de-Casamento-Grasi-e-Henrique-08-04-2023-0002-845x684.jpg 845w\" sizes=\"(max-width: 495px) 100vw, 495px\" \/><div class='big-prev-fake'><img decoding=\"async\" loading=\"lazy\" class=\"wp-image-460276 avia-img-lazy-loading-460276\"  width=\"495\" height=\"400\" src=\"http:\/\/www.statussambashow.com.br\/site\/wp-content\/uploads\/2023\/05\/Festa-de-Casamento-Grasi-e-Henrique-08-04-2023-0002-495x400.jpg\" title='Festa de Casamento -Grasi-e-Henrique-08-04-2023-0002' alt='Passista Elaine de Abreu sambando junto com a Bateria nota 10 da Status Samba Show' srcset=\"http:\/\/www.statussambashow.com.br\/site\/wp-content\/uploads\/2023\/05\/Festa-de-Casamento-Grasi-e-Henrique-08-04-2023-0002-495x400.jpg 495w, http:\/\/www.statussambashow.com.br\/site\/wp-content\/uploads\/2023\/05\/Festa-de-Casamento-Grasi-e-Henrique-08-04-2023-0002-845x684.jpg 845w\" sizes=\"(max-width: 495px) 100vw, 495px\" \/><\/div><\/a><a href=\"http:\/\/www.statussambashow.com.br\/site\/wp-content\/uploads\/2023\/05\/Festa-de-Casamento-Grasi-e-Henrique-08-04-2023-0030-1030x687.jpg\" data-srcset=\"http:\/\/www.statussambashow.com.br\/site\/wp-content\/uploads\/2023\/05\/Festa-de-Casamento-Grasi-e-Henrique-08-04-2023-0030-1030x687.jpg 1030w, http:\/\/www.statussambashow.com.br\/site\/wp-content\/uploads\/2023\/05\/Festa-de-Casamento-Grasi-e-Henrique-08-04-2023-0030-300x200.jpg 300w, http:\/\/www.statussambashow.com.br\/site\/wp-content\/uploads\/2023\/05\/Festa-de-Casamento-Grasi-e-Henrique-08-04-2023-0030-768x512.jpg 768w, http:\/\/www.statussambashow.com.br\/site\/wp-content\/uploads\/2023\/05\/Festa-de-Casamento-Grasi-e-Henrique-08-04-2023-0030-705x470.jpg 705w, http:\/\/www.statussambashow.com.br\/site\/wp-content\/uploads\/2023\/05\/Festa-de-Casamento-Grasi-e-Henrique-08-04-2023-0030-450x300.jpg 450w, http:\/\/www.statussambashow.com.br\/site\/wp-content\/uploads\/2023\/05\/Festa-de-Casamento-Grasi-e-Henrique-08-04-2023-0030.jpg 1280w\" data-sizes=\"(max-width: 1030px) 100vw, 1030px\" data-rel='gallery-1' data-prev-img='http:\/\/www.statussambashow.com.br\/site\/wp-content\/uploads\/2023\/05\/Festa-de-Casamento-Grasi-e-Henrique-08-04-2023-0030-495x400.jpg' class='lightbox ' data-onclick='7' title='Festa de Casamento -Grasi-e-Henrique-08-04-2023-0030'  itemprop=\"thumbnailUrl\"  ><img decoding=\"async\" fetchpriority=\"high\" class=\"wp-image-460265 avia-img-lazy-loading-not-460265\"   src=\"http:\/\/www.statussambashow.com.br\/site\/wp-content\/uploads\/2023\/05\/Festa-de-Casamento-Grasi-e-Henrique-08-04-2023-0030-495x400.jpg\" width=\"495\" height=\"400\"  title='Festa de Casamento -Grasi-e-Henrique-08-04-2023-0030' alt='Passista Nathany Piemonte e Ritmista Cleiton 2 Pac' srcset=\"http:\/\/www.statussambashow.com.br\/site\/wp-content\/uploads\/2023\/05\/Festa-de-Casamento-Grasi-e-Henrique-08-04-2023-0030-495x400.jpg 495w, http:\/\/www.statussambashow.com.br\/site\/wp-content\/uploads\/2023\/05\/Festa-de-Casamento-Grasi-e-Henrique-08-04-2023-0030-845x684.jpg 845w\" sizes=\"(max-width: 495px) 100vw, 495px\" \/><div class='big-prev-fake'><img decoding=\"async\" loading=\"lazy\" class=\"wp-image-460265 avia-img-lazy-loading-460265\"  width=\"495\" height=\"400\" src=\"http:\/\/www.statussambashow.com.br\/site\/wp-content\/uploads\/2023\/05\/Festa-de-Casamento-Grasi-e-Henrique-08-04-2023-0030-495x400.jpg\" title='Festa de Casamento -Grasi-e-Henrique-08-04-2023-0030' alt='Passista Nathany Piemonte e Ritmista Cleiton 2 Pac' srcset=\"http:\/\/www.statussambashow.com.br\/site\/wp-content\/uploads\/2023\/05\/Festa-de-Casamento-Grasi-e-Henrique-08-04-2023-0030-495x400.jpg 495w, http:\/\/www.statussambashow.com.br\/site\/wp-content\/uploads\/2023\/05\/Festa-de-Casamento-Grasi-e-Henrique-08-04-2023-0030-845x684.jpg 845w\" sizes=\"(max-width: 495px) 100vw, 495px\" \/><\/div><\/a><a href=\"http:\/\/www.statussambashow.com.br\/site\/wp-content\/uploads\/2023\/05\/Festa-de-Casamento-Grasi-e-Henrique-08-04-2023-0032-1030x687.jpg\" data-srcset=\"http:\/\/www.statussambashow.com.br\/site\/wp-content\/uploads\/2023\/05\/Festa-de-Casamento-Grasi-e-Henrique-08-04-2023-0032-1030x687.jpg 1030w, http:\/\/www.statussambashow.com.br\/site\/wp-content\/uploads\/2023\/05\/Festa-de-Casamento-Grasi-e-Henrique-08-04-2023-0032-300x200.jpg 300w, http:\/\/www.statussambashow.com.br\/site\/wp-content\/uploads\/2023\/05\/Festa-de-Casamento-Grasi-e-Henrique-08-04-2023-0032-768x512.jpg 768w, http:\/\/www.statussambashow.com.br\/site\/wp-content\/uploads\/2023\/05\/Festa-de-Casamento-Grasi-e-Henrique-08-04-2023-0032-705x470.jpg 705w, http:\/\/www.statussambashow.com.br\/site\/wp-content\/uploads\/2023\/05\/Festa-de-Casamento-Grasi-e-Henrique-08-04-2023-0032-450x300.jpg 450w, http:\/\/www.statussambashow.com.br\/site\/wp-content\/uploads\/2023\/05\/Festa-de-Casamento-Grasi-e-Henrique-08-04-2023-0032.jpg 1280w\" data-sizes=\"(max-width: 1030px) 100vw, 1030px\" data-rel='gallery-1' data-prev-img='http:\/\/www.statussambashow.com.br\/site\/wp-content\/uploads\/2023\/05\/Festa-de-Casamento-Grasi-e-Henrique-08-04-2023-0032-495x400.jpg' class='lightbox ' data-onclick='8' title='Festa de Casamento -Grasi-e-Henrique-08-04-2023-0032'  itemprop=\"thumbnailUrl\"  ><img decoding=\"async\" fetchpriority=\"high\" class=\"wp-image-460266 avia-img-lazy-loading-not-460266\"   src=\"http:\/\/www.statussambashow.com.br\/site\/wp-content\/uploads\/2023\/05\/Festa-de-Casamento-Grasi-e-Henrique-08-04-2023-0032-495x400.jpg\" width=\"495\" height=\"400\"  title='Festa de Casamento -Grasi-e-Henrique-08-04-2023-0032' alt='Passista Elaine de Abreu e Noiva Grasi' srcset=\"http:\/\/www.statussambashow.com.br\/site\/wp-content\/uploads\/2023\/05\/Festa-de-Casamento-Grasi-e-Henrique-08-04-2023-0032-495x400.jpg 495w, http:\/\/www.statussambashow.com.br\/site\/wp-content\/uploads\/2023\/05\/Festa-de-Casamento-Grasi-e-Henrique-08-04-2023-0032-845x684.jpg 845w\" sizes=\"(max-width: 495px) 100vw, 495px\" \/><div class='big-prev-fake'><img decoding=\"async\" loading=\"lazy\" class=\"wp-image-460266 avia-img-lazy-loading-460266\"  width=\"495\" height=\"400\" src=\"http:\/\/www.statussambashow.com.br\/site\/wp-content\/uploads\/2023\/05\/Festa-de-Casamento-Grasi-e-Henrique-08-04-2023-0032-495x400.jpg\" title='Festa de Casamento -Grasi-e-Henrique-08-04-2023-0032' alt='Passista Elaine de Abreu e Noiva Grasi' srcset=\"http:\/\/www.statussambashow.com.br\/site\/wp-content\/uploads\/2023\/05\/Festa-de-Casamento-Grasi-e-Henrique-08-04-2023-0032-495x400.jpg 495w, http:\/\/www.statussambashow.com.br\/site\/wp-content\/uploads\/2023\/05\/Festa-de-Casamento-Grasi-e-Henrique-08-04-2023-0032-845x684.jpg 845w\" sizes=\"(max-width: 495px) 100vw, 495px\" \/><\/div><\/a><a href=\"http:\/\/www.statussambashow.com.br\/site\/wp-content\/uploads\/2023\/05\/Festa-de-Casamento-Grasi-e-Henrique-08-04-2023-0029-1030x687.jpg\" data-srcset=\"http:\/\/www.statussambashow.com.br\/site\/wp-content\/uploads\/2023\/05\/Festa-de-Casamento-Grasi-e-Henrique-08-04-2023-0029-1030x687.jpg 1030w, http:\/\/www.statussambashow.com.br\/site\/wp-content\/uploads\/2023\/05\/Festa-de-Casamento-Grasi-e-Henrique-08-04-2023-0029-300x200.jpg 300w, http:\/\/www.statussambashow.com.br\/site\/wp-content\/uploads\/2023\/05\/Festa-de-Casamento-Grasi-e-Henrique-08-04-2023-0029-768x512.jpg 768w, http:\/\/www.statussambashow.com.br\/site\/wp-content\/uploads\/2023\/05\/Festa-de-Casamento-Grasi-e-Henrique-08-04-2023-0029-705x470.jpg 705w, http:\/\/www.statussambashow.com.br\/site\/wp-content\/uploads\/2023\/05\/Festa-de-Casamento-Grasi-e-Henrique-08-04-2023-0029-450x300.jpg 450w, http:\/\/www.statussambashow.com.br\/site\/wp-content\/uploads\/2023\/05\/Festa-de-Casamento-Grasi-e-Henrique-08-04-2023-0029.jpg 1280w\" data-sizes=\"(max-width: 1030px) 100vw, 1030px\" data-rel='gallery-1' data-prev-img='http:\/\/www.statussambashow.com.br\/site\/wp-content\/uploads\/2023\/05\/Festa-de-Casamento-Grasi-e-Henrique-08-04-2023-0029-495x400.jpg' class='lightbox ' data-onclick='9' title='Festa de Casamento -Grasi-e-Henrique-08-04-2023-0029'  itemprop=\"thumbnailUrl\"  ><img decoding=\"async\" fetchpriority=\"high\" class=\"wp-image-460264 avia-img-lazy-loading-not-460264\"   src=\"http:\/\/www.statussambashow.com.br\/site\/wp-content\/uploads\/2023\/05\/Festa-de-Casamento-Grasi-e-Henrique-08-04-2023-0029-495x400.jpg\" width=\"495\" height=\"400\"  title='Festa de Casamento -Grasi-e-Henrique-08-04-2023-0029' alt='Passista Nathany Piemonte juntamente com Bateria' srcset=\"http:\/\/www.statussambashow.com.br\/site\/wp-content\/uploads\/2023\/05\/Festa-de-Casamento-Grasi-e-Henrique-08-04-2023-0029-495x400.jpg 495w, http:\/\/www.statussambashow.com.br\/site\/wp-content\/uploads\/2023\/05\/Festa-de-Casamento-Grasi-e-Henrique-08-04-2023-0029-845x684.jpg 845w\" sizes=\"(max-width: 495px) 100vw, 495px\" \/><div class='big-prev-fake'><img decoding=\"async\" loading=\"lazy\" class=\"wp-image-460264 avia-img-lazy-loading-460264\"  width=\"495\" height=\"400\" src=\"http:\/\/www.statussambashow.com.br\/site\/wp-content\/uploads\/2023\/05\/Festa-de-Casamento-Grasi-e-Henrique-08-04-2023-0029-495x400.jpg\" title='Festa de Casamento -Grasi-e-Henrique-08-04-2023-0029' alt='Passista Nathany Piemonte juntamente com Bateria' srcset=\"http:\/\/www.statussambashow.com.br\/site\/wp-content\/uploads\/2023\/05\/Festa-de-Casamento-Grasi-e-Henrique-08-04-2023-0029-495x400.jpg 495w, http:\/\/www.statussambashow.com.br\/site\/wp-content\/uploads\/2023\/05\/Festa-de-Casamento-Grasi-e-Henrique-08-04-2023-0029-845x684.jpg 845w\" sizes=\"(max-width: 495px) 100vw, 495px\" \/><\/div><\/a><a href=\"http:\/\/www.statussambashow.com.br\/site\/wp-content\/uploads\/2023\/05\/Festa-de-Casamento-Grasi-e-Henrique-08-04-2023-0038.jpg\" data-srcset=\"http:\/\/www.statussambashow.com.br\/site\/wp-content\/uploads\/2023\/05\/Festa-de-Casamento-Grasi-e-Henrique-08-04-2023-0038.jpg 682w, http:\/\/www.statussambashow.com.br\/site\/wp-content\/uploads\/2023\/05\/Festa-de-Casamento-Grasi-e-Henrique-08-04-2023-0038-213x300.jpg 213w, http:\/\/www.statussambashow.com.br\/site\/wp-content\/uploads\/2023\/05\/Festa-de-Casamento-Grasi-e-Henrique-08-04-2023-0038-501x705.jpg 501w, http:\/\/www.statussambashow.com.br\/site\/wp-content\/uploads\/2023\/05\/Festa-de-Casamento-Grasi-e-Henrique-08-04-2023-0038-450x633.jpg 450w\" data-sizes=\"(max-width: 682px) 100vw, 682px\" data-rel='gallery-1' data-prev-img='http:\/\/www.statussambashow.com.br\/site\/wp-content\/uploads\/2023\/05\/Festa-de-Casamento-Grasi-e-Henrique-08-04-2023-0038-495x400.jpg' class='lightbox ' data-onclick='10' title='Festa de Casamento -Grasi-e-Henrique-08-04-2023-0038'  itemprop=\"thumbnailUrl\"  ><img decoding=\"async\" fetchpriority=\"high\" class=\"wp-image-460271 avia-img-lazy-loading-not-460271\"   src=\"http:\/\/www.statussambashow.com.br\/site\/wp-content\/uploads\/2023\/05\/Festa-de-Casamento-Grasi-e-Henrique-08-04-2023-0038-495x400.jpg\" width=\"495\" height=\"400\"  title='Festa de Casamento -Grasi-e-Henrique-08-04-2023-0038' alt='Passista Show Elaine de Abreu' \/><div class='big-prev-fake'><img decoding=\"async\" loading=\"lazy\" class=\"wp-image-460271 avia-img-lazy-loading-460271\"  width=\"495\" height=\"400\" src=\"http:\/\/www.statussambashow.com.br\/site\/wp-content\/uploads\/2023\/05\/Festa-de-Casamento-Grasi-e-Henrique-08-04-2023-0038-495x400.jpg\" title='Festa de Casamento -Grasi-e-Henrique-08-04-2023-0038' alt='Passista Show Elaine de Abreu' \/><\/div><\/a><a href=\"http:\/\/www.statussambashow.com.br\/site\/wp-content\/uploads\/2023\/05\/Festa-de-Casamento-Grasi-e-Henrique-08-04-2023-0033-1030x687.jpg\" data-srcset=\"http:\/\/www.statussambashow.com.br\/site\/wp-content\/uploads\/2023\/05\/Festa-de-Casamento-Grasi-e-Henrique-08-04-2023-0033-1030x687.jpg 1030w, http:\/\/www.statussambashow.com.br\/site\/wp-content\/uploads\/2023\/05\/Festa-de-Casamento-Grasi-e-Henrique-08-04-2023-0033-300x200.jpg 300w, http:\/\/www.statussambashow.com.br\/site\/wp-content\/uploads\/2023\/05\/Festa-de-Casamento-Grasi-e-Henrique-08-04-2023-0033-768x512.jpg 768w, http:\/\/www.statussambashow.com.br\/site\/wp-content\/uploads\/2023\/05\/Festa-de-Casamento-Grasi-e-Henrique-08-04-2023-0033-705x470.jpg 705w, http:\/\/www.statussambashow.com.br\/site\/wp-content\/uploads\/2023\/05\/Festa-de-Casamento-Grasi-e-Henrique-08-04-2023-0033-450x300.jpg 450w, http:\/\/www.statussambashow.com.br\/site\/wp-content\/uploads\/2023\/05\/Festa-de-Casamento-Grasi-e-Henrique-08-04-2023-0033.jpg 1280w\" data-sizes=\"(max-width: 1030px) 100vw, 1030px\" data-rel='gallery-1' data-prev-img='http:\/\/www.statussambashow.com.br\/site\/wp-content\/uploads\/2023\/05\/Festa-de-Casamento-Grasi-e-Henrique-08-04-2023-0033-495x400.jpg' class='first_thumb lightbox ' data-onclick='11' title='Festa de Casamento -Grasi-e-Henrique-08-04-2023-0033'  itemprop=\"thumbnailUrl\"  ><img decoding=\"async\" fetchpriority=\"high\" class=\"wp-image-460267 avia-img-lazy-loading-not-460267\"   src=\"http:\/\/www.statussambashow.com.br\/site\/wp-content\/uploads\/2023\/05\/Festa-de-Casamento-Grasi-e-Henrique-08-04-2023-0033-495x400.jpg\" width=\"495\" height=\"400\"  title='Festa de Casamento -Grasi-e-Henrique-08-04-2023-0033' alt='Passista Nathany Piemonte sambando com filha da noiva Bella Tita' srcset=\"http:\/\/www.statussambashow.com.br\/site\/wp-content\/uploads\/2023\/05\/Festa-de-Casamento-Grasi-e-Henrique-08-04-2023-0033-495x400.jpg 495w, http:\/\/www.statussambashow.com.br\/site\/wp-content\/uploads\/2023\/05\/Festa-de-Casamento-Grasi-e-Henrique-08-04-2023-0033-845x684.jpg 845w\" sizes=\"(max-width: 495px) 100vw, 495px\" \/><div class='big-prev-fake'><img decoding=\"async\" loading=\"lazy\" class=\"wp-image-460267 avia-img-lazy-loading-460267\"  width=\"495\" height=\"400\" src=\"http:\/\/www.statussambashow.com.br\/site\/wp-content\/uploads\/2023\/05\/Festa-de-Casamento-Grasi-e-Henrique-08-04-2023-0033-495x400.jpg\" title='Festa de Casamento -Grasi-e-Henrique-08-04-2023-0033' alt='Passista Nathany Piemonte sambando com filha da noiva Bella Tita' srcset=\"http:\/\/www.statussambashow.com.br\/site\/wp-content\/uploads\/2023\/05\/Festa-de-Casamento-Grasi-e-Henrique-08-04-2023-0033-495x400.jpg 495w, http:\/\/www.statussambashow.com.br\/site\/wp-content\/uploads\/2023\/05\/Festa-de-Casamento-Grasi-e-Henrique-08-04-2023-0033-845x684.jpg 845w\" sizes=\"(max-width: 495px) 100vw, 495px\" \/><\/div><\/a><a href=\"http:\/\/www.statussambashow.com.br\/site\/wp-content\/uploads\/2023\/05\/Festa-de-Casamento-Grasi-e-Henrique-08-04-2023-0034-1030x687.jpg\" data-srcset=\"http:\/\/www.statussambashow.com.br\/site\/wp-content\/uploads\/2023\/05\/Festa-de-Casamento-Grasi-e-Henrique-08-04-2023-0034-1030x687.jpg 1030w, http:\/\/www.statussambashow.com.br\/site\/wp-content\/uploads\/2023\/05\/Festa-de-Casamento-Grasi-e-Henrique-08-04-2023-0034-300x200.jpg 300w, http:\/\/www.statussambashow.com.br\/site\/wp-content\/uploads\/2023\/05\/Festa-de-Casamento-Grasi-e-Henrique-08-04-2023-0034-768x512.jpg 768w, http:\/\/www.statussambashow.com.br\/site\/wp-content\/uploads\/2023\/05\/Festa-de-Casamento-Grasi-e-Henrique-08-04-2023-0034-705x470.jpg 705w, http:\/\/www.statussambashow.com.br\/site\/wp-content\/uploads\/2023\/05\/Festa-de-Casamento-Grasi-e-Henrique-08-04-2023-0034-450x300.jpg 450w, http:\/\/www.statussambashow.com.br\/site\/wp-content\/uploads\/2023\/05\/Festa-de-Casamento-Grasi-e-Henrique-08-04-2023-0034.jpg 1280w\" data-sizes=\"(max-width: 1030px) 100vw, 1030px\" data-rel='gallery-1' data-prev-img='http:\/\/www.statussambashow.com.br\/site\/wp-content\/uploads\/2023\/05\/Festa-de-Casamento-Grasi-e-Henrique-08-04-2023-0034-495x400.jpg' class='lightbox ' data-onclick='12' title='Festa de Casamento -Grasi-e-Henrique-08-04-2023-0034'  itemprop=\"thumbnailUrl\"  ><img decoding=\"async\" fetchpriority=\"high\" class=\"wp-image-460268 avia-img-lazy-loading-not-460268\"   src=\"http:\/\/www.statussambashow.com.br\/site\/wp-content\/uploads\/2023\/05\/Festa-de-Casamento-Grasi-e-Henrique-08-04-2023-0034-495x400.jpg\" width=\"495\" height=\"400\"  title='Festa de Casamento -Grasi-e-Henrique-08-04-2023-0034' alt='Passista Elaine de Abreu com todo seu carisma' srcset=\"http:\/\/www.statussambashow.com.br\/site\/wp-content\/uploads\/2023\/05\/Festa-de-Casamento-Grasi-e-Henrique-08-04-2023-0034-495x400.jpg 495w, http:\/\/www.statussambashow.com.br\/site\/wp-content\/uploads\/2023\/05\/Festa-de-Casamento-Grasi-e-Henrique-08-04-2023-0034-845x684.jpg 845w\" sizes=\"(max-width: 495px) 100vw, 495px\" \/><div class='big-prev-fake'><img decoding=\"async\" loading=\"lazy\" class=\"wp-image-460268 avia-img-lazy-loading-460268\"  width=\"495\" height=\"400\" src=\"http:\/\/www.statussambashow.com.br\/site\/wp-content\/uploads\/2023\/05\/Festa-de-Casamento-Grasi-e-Henrique-08-04-2023-0034-495x400.jpg\" title='Festa de Casamento -Grasi-e-Henrique-08-04-2023-0034' alt='Passista Elaine de Abreu com todo seu carisma' srcset=\"http:\/\/www.statussambashow.com.br\/site\/wp-content\/uploads\/2023\/05\/Festa-de-Casamento-Grasi-e-Henrique-08-04-2023-0034-495x400.jpg 495w, http:\/\/www.statussambashow.com.br\/site\/wp-content\/uploads\/2023\/05\/Festa-de-Casamento-Grasi-e-Henrique-08-04-2023-0034-845x684.jpg 845w\" sizes=\"(max-width: 495px) 100vw, 495px\" \/><\/div><\/a><a href=\"http:\/\/www.statussambashow.com.br\/site\/wp-content\/uploads\/2023\/05\/Festa-de-Casamento-Grasi-e-Henrique-08-04-2023-0035-1030x687.jpg\" data-srcset=\"http:\/\/www.statussambashow.com.br\/site\/wp-content\/uploads\/2023\/05\/Festa-de-Casamento-Grasi-e-Henrique-08-04-2023-0035-1030x687.jpg 1030w, http:\/\/www.statussambashow.com.br\/site\/wp-content\/uploads\/2023\/05\/Festa-de-Casamento-Grasi-e-Henrique-08-04-2023-0035-300x200.jpg 300w, http:\/\/www.statussambashow.com.br\/site\/wp-content\/uploads\/2023\/05\/Festa-de-Casamento-Grasi-e-Henrique-08-04-2023-0035-768x512.jpg 768w, http:\/\/www.statussambashow.com.br\/site\/wp-content\/uploads\/2023\/05\/Festa-de-Casamento-Grasi-e-Henrique-08-04-2023-0035-705x470.jpg 705w, http:\/\/www.statussambashow.com.br\/site\/wp-content\/uploads\/2023\/05\/Festa-de-Casamento-Grasi-e-Henrique-08-04-2023-0035-450x300.jpg 450w, http:\/\/www.statussambashow.com.br\/site\/wp-content\/uploads\/2023\/05\/Festa-de-Casamento-Grasi-e-Henrique-08-04-2023-0035.jpg 1280w\" data-sizes=\"(max-width: 1030px) 100vw, 1030px\" data-rel='gallery-1' data-prev-img='http:\/\/www.statussambashow.com.br\/site\/wp-content\/uploads\/2023\/05\/Festa-de-Casamento-Grasi-e-Henrique-08-04-2023-0035-495x400.jpg' class='lightbox ' data-onclick='13' title='Festa de Casamento -Grasi-e-Henrique-08-04-2023-0035'  itemprop=\"thumbnailUrl\"  ><img decoding=\"async\" fetchpriority=\"high\" class=\"wp-image-460269 avia-img-lazy-loading-not-460269\"   src=\"http:\/\/www.statussambashow.com.br\/site\/wp-content\/uploads\/2023\/05\/Festa-de-Casamento-Grasi-e-Henrique-08-04-2023-0035-495x400.jpg\" width=\"495\" height=\"400\"  title='Festa de Casamento -Grasi-e-Henrique-08-04-2023-0035' alt='Passista Nathany Piemonte interagindo com a animada Bella Tita' srcset=\"http:\/\/www.statussambashow.com.br\/site\/wp-content\/uploads\/2023\/05\/Festa-de-Casamento-Grasi-e-Henrique-08-04-2023-0035-495x400.jpg 495w, http:\/\/www.statussambashow.com.br\/site\/wp-content\/uploads\/2023\/05\/Festa-de-Casamento-Grasi-e-Henrique-08-04-2023-0035-845x684.jpg 845w\" sizes=\"(max-width: 495px) 100vw, 495px\" \/><div class='big-prev-fake'><img decoding=\"async\" loading=\"lazy\" class=\"wp-image-460269 avia-img-lazy-loading-460269\"  width=\"495\" height=\"400\" src=\"http:\/\/www.statussambashow.com.br\/site\/wp-content\/uploads\/2023\/05\/Festa-de-Casamento-Grasi-e-Henrique-08-04-2023-0035-495x400.jpg\" title='Festa de Casamento -Grasi-e-Henrique-08-04-2023-0035' alt='Passista Nathany Piemonte interagindo com a animada Bella Tita' srcset=\"http:\/\/www.statussambashow.com.br\/site\/wp-content\/uploads\/2023\/05\/Festa-de-Casamento-Grasi-e-Henrique-08-04-2023-0035-495x400.jpg 495w, http:\/\/www.statussambashow.com.br\/site\/wp-content\/uploads\/2023\/05\/Festa-de-Casamento-Grasi-e-Henrique-08-04-2023-0035-845x684.jpg 845w\" sizes=\"(max-width: 495px) 100vw, 495px\" \/><\/div><\/a><a href=\"http:\/\/www.statussambashow.com.br\/site\/wp-content\/uploads\/2023\/05\/Festa-de-Casamento-Grasi-e-Henrique-08-04-2023-0036.jpg\" data-srcset=\"http:\/\/www.statussambashow.com.br\/site\/wp-content\/uploads\/2023\/05\/Festa-de-Casamento-Grasi-e-Henrique-08-04-2023-0036.jpg 640w, http:\/\/www.statussambashow.com.br\/site\/wp-content\/uploads\/2023\/05\/Festa-de-Casamento-Grasi-e-Henrique-08-04-2023-0036-200x300.jpg 200w, http:\/\/www.statussambashow.com.br\/site\/wp-content\/uploads\/2023\/05\/Festa-de-Casamento-Grasi-e-Henrique-08-04-2023-0036-470x705.jpg 470w, http:\/\/www.statussambashow.com.br\/site\/wp-content\/uploads\/2023\/05\/Festa-de-Casamento-Grasi-e-Henrique-08-04-2023-0036-450x675.jpg 450w\" data-sizes=\"(max-width: 640px) 100vw, 640px\" data-rel='gallery-1' data-prev-img='http:\/\/www.statussambashow.com.br\/site\/wp-content\/uploads\/2023\/05\/Festa-de-Casamento-Grasi-e-Henrique-08-04-2023-0036-495x400.jpg' class='lightbox ' data-onclick='14' title='Festa de Casamento -Grasi-e-Henrique-08-04-2023-0036'  itemprop=\"thumbnailUrl\"  ><img decoding=\"async\" fetchpriority=\"high\" class=\"wp-image-460270 avia-img-lazy-loading-not-460270\"   src=\"http:\/\/www.statussambashow.com.br\/site\/wp-content\/uploads\/2023\/05\/Festa-de-Casamento-Grasi-e-Henrique-08-04-2023-0036-495x400.jpg\" width=\"495\" height=\"400\"  title='Festa de Casamento -Grasi-e-Henrique-08-04-2023-0036' alt='Passista Elaine de Abreu interagindo com convidados em Festa de Casamento' \/><div class='big-prev-fake'><img decoding=\"async\" loading=\"lazy\" class=\"wp-image-460270 avia-img-lazy-loading-460270\"  width=\"495\" height=\"400\" src=\"http:\/\/www.statussambashow.com.br\/site\/wp-content\/uploads\/2023\/05\/Festa-de-Casamento-Grasi-e-Henrique-08-04-2023-0036-495x400.jpg\" title='Festa de Casamento -Grasi-e-Henrique-08-04-2023-0036' alt='Passista Elaine de Abreu interagindo com convidados em Festa de Casamento' \/><\/div><\/a><a href=\"http:\/\/www.statussambashow.com.br\/site\/wp-content\/uploads\/2023\/05\/Festa-de-Casamento-Grasi-e-Henrique-08-04-2023-0040-1030x687.jpg\" data-srcset=\"http:\/\/www.statussambashow.com.br\/site\/wp-content\/uploads\/2023\/05\/Festa-de-Casamento-Grasi-e-Henrique-08-04-2023-0040-1030x687.jpg 1030w, http:\/\/www.statussambashow.com.br\/site\/wp-content\/uploads\/2023\/05\/Festa-de-Casamento-Grasi-e-Henrique-08-04-2023-0040-300x200.jpg 300w, http:\/\/www.statussambashow.com.br\/site\/wp-content\/uploads\/2023\/05\/Festa-de-Casamento-Grasi-e-Henrique-08-04-2023-0040-768x512.jpg 768w, http:\/\/www.statussambashow.com.br\/site\/wp-content\/uploads\/2023\/05\/Festa-de-Casamento-Grasi-e-Henrique-08-04-2023-0040-705x470.jpg 705w, http:\/\/www.statussambashow.com.br\/site\/wp-content\/uploads\/2023\/05\/Festa-de-Casamento-Grasi-e-Henrique-08-04-2023-0040-450x300.jpg 450w, http:\/\/www.statussambashow.com.br\/site\/wp-content\/uploads\/2023\/05\/Festa-de-Casamento-Grasi-e-Henrique-08-04-2023-0040.jpg 1280w\" data-sizes=\"(max-width: 1030px) 100vw, 1030px\" data-rel='gallery-1' data-prev-img='http:\/\/www.statussambashow.com.br\/site\/wp-content\/uploads\/2023\/05\/Festa-de-Casamento-Grasi-e-Henrique-08-04-2023-0040-495x400.jpg' class='lightbox ' data-onclick='15' title='Festa de Casamento -Grasi-e-Henrique-08-04-2023-0040'  itemprop=\"thumbnailUrl\"  ><img decoding=\"async\" fetchpriority=\"high\" class=\"wp-image-460272 avia-img-lazy-loading-not-460272\"   src=\"http:\/\/www.statussambashow.com.br\/site\/wp-content\/uploads\/2023\/05\/Festa-de-Casamento-Grasi-e-Henrique-08-04-2023-0040-495x400.jpg\" width=\"495\" height=\"400\"  title='Festa de Casamento -Grasi-e-Henrique-08-04-2023-0040' alt='Passista Nathany Piemonte interagindo com convidado em Festa de Casamento' srcset=\"http:\/\/www.statussambashow.com.br\/site\/wp-content\/uploads\/2023\/05\/Festa-de-Casamento-Grasi-e-Henrique-08-04-2023-0040-495x400.jpg 495w, http:\/\/www.statussambashow.com.br\/site\/wp-content\/uploads\/2023\/05\/Festa-de-Casamento-Grasi-e-Henrique-08-04-2023-0040-845x684.jpg 845w\" sizes=\"(max-width: 495px) 100vw, 495px\" \/><div class='big-prev-fake'><img decoding=\"async\" loading=\"lazy\" class=\"wp-image-460272 avia-img-lazy-loading-460272\"  width=\"495\" height=\"400\" src=\"http:\/\/www.statussambashow.com.br\/site\/wp-content\/uploads\/2023\/05\/Festa-de-Casamento-Grasi-e-Henrique-08-04-2023-0040-495x400.jpg\" title='Festa de Casamento -Grasi-e-Henrique-08-04-2023-0040' alt='Passista Nathany Piemonte interagindo com convidado em Festa de Casamento' srcset=\"http:\/\/www.statussambashow.com.br\/site\/wp-content\/uploads\/2023\/05\/Festa-de-Casamento-Grasi-e-Henrique-08-04-2023-0040-495x400.jpg 495w, http:\/\/www.statussambashow.com.br\/site\/wp-content\/uploads\/2023\/05\/Festa-de-Casamento-Grasi-e-Henrique-08-04-2023-0040-845x684.jpg 845w\" sizes=\"(max-width: 495px) 100vw, 495px\" \/><\/div><\/a><a href=\"http:\/\/www.statussambashow.com.br\/site\/wp-content\/uploads\/2023\/05\/Festa-de-Casamento-Grasi-e-Henrique-08-04-2023-0041-1030x687.jpg\" data-srcset=\"http:\/\/www.statussambashow.com.br\/site\/wp-content\/uploads\/2023\/05\/Festa-de-Casamento-Grasi-e-Henrique-08-04-2023-0041-1030x687.jpg 1030w, http:\/\/www.statussambashow.com.br\/site\/wp-content\/uploads\/2023\/05\/Festa-de-Casamento-Grasi-e-Henrique-08-04-2023-0041-300x200.jpg 300w, http:\/\/www.statussambashow.com.br\/site\/wp-content\/uploads\/2023\/05\/Festa-de-Casamento-Grasi-e-Henrique-08-04-2023-0041-768x512.jpg 768w, http:\/\/www.statussambashow.com.br\/site\/wp-content\/uploads\/2023\/05\/Festa-de-Casamento-Grasi-e-Henrique-08-04-2023-0041-705x470.jpg 705w, http:\/\/www.statussambashow.com.br\/site\/wp-content\/uploads\/2023\/05\/Festa-de-Casamento-Grasi-e-Henrique-08-04-2023-0041-450x300.jpg 450w, http:\/\/www.statussambashow.com.br\/site\/wp-content\/uploads\/2023\/05\/Festa-de-Casamento-Grasi-e-Henrique-08-04-2023-0041.jpg 1280w\" data-sizes=\"(max-width: 1030px) 100vw, 1030px\" data-rel='gallery-1' data-prev-img='http:\/\/www.statussambashow.com.br\/site\/wp-content\/uploads\/2023\/05\/Festa-de-Casamento-Grasi-e-Henrique-08-04-2023-0041-495x400.jpg' class='first_thumb lightbox ' data-onclick='16' title='Festa de Casamento -Grasi-e-Henrique-08-04-2023-0041'  itemprop=\"thumbnailUrl\"  ><img decoding=\"async\" fetchpriority=\"high\" class=\"wp-image-460273 avia-img-lazy-loading-not-460273\"   src=\"http:\/\/www.statussambashow.com.br\/site\/wp-content\/uploads\/2023\/05\/Festa-de-Casamento-Grasi-e-Henrique-08-04-2023-0041-495x400.jpg\" width=\"495\" height=\"400\"  title='Festa de Casamento -Grasi-e-Henrique-08-04-2023-0041' alt='Passista Nathany Piemonte com seu samba no p\u00e9 sem igual' srcset=\"http:\/\/www.statussambashow.com.br\/site\/wp-content\/uploads\/2023\/05\/Festa-de-Casamento-Grasi-e-Henrique-08-04-2023-0041-495x400.jpg 495w, http:\/\/www.statussambashow.com.br\/site\/wp-content\/uploads\/2023\/05\/Festa-de-Casamento-Grasi-e-Henrique-08-04-2023-0041-845x684.jpg 845w\" sizes=\"(max-width: 495px) 100vw, 495px\" \/><div class='big-prev-fake'><img decoding=\"async\" loading=\"lazy\" class=\"wp-image-460273 avia-img-lazy-loading-460273\"  width=\"495\" height=\"400\" src=\"http:\/\/www.statussambashow.com.br\/site\/wp-content\/uploads\/2023\/05\/Festa-de-Casamento-Grasi-e-Henrique-08-04-2023-0041-495x400.jpg\" title='Festa de Casamento -Grasi-e-Henrique-08-04-2023-0041' alt='Passista Nathany Piemonte com seu samba no p\u00e9 sem igual' srcset=\"http:\/\/www.statussambashow.com.br\/site\/wp-content\/uploads\/2023\/05\/Festa-de-Casamento-Grasi-e-Henrique-08-04-2023-0041-495x400.jpg 495w, http:\/\/www.statussambashow.com.br\/site\/wp-content\/uploads\/2023\/05\/Festa-de-Casamento-Grasi-e-Henrique-08-04-2023-0041-845x684.jpg 845w\" sizes=\"(max-width: 495px) 100vw, 495px\" \/><\/div><\/a><a href=\"http:\/\/www.statussambashow.com.br\/site\/wp-content\/uploads\/2023\/05\/Festa-de-Casamento-Grasi-e-Henrique-08-04-2023-0044-1030x687.jpg\" data-srcset=\"http:\/\/www.statussambashow.com.br\/site\/wp-content\/uploads\/2023\/05\/Festa-de-Casamento-Grasi-e-Henrique-08-04-2023-0044-1030x687.jpg 1030w, http:\/\/www.statussambashow.com.br\/site\/wp-content\/uploads\/2023\/05\/Festa-de-Casamento-Grasi-e-Henrique-08-04-2023-0044-300x200.jpg 300w, http:\/\/www.statussambashow.com.br\/site\/wp-content\/uploads\/2023\/05\/Festa-de-Casamento-Grasi-e-Henrique-08-04-2023-0044-768x512.jpg 768w, http:\/\/www.statussambashow.com.br\/site\/wp-content\/uploads\/2023\/05\/Festa-de-Casamento-Grasi-e-Henrique-08-04-2023-0044-705x470.jpg 705w, http:\/\/www.statussambashow.com.br\/site\/wp-content\/uploads\/2023\/05\/Festa-de-Casamento-Grasi-e-Henrique-08-04-2023-0044-450x300.jpg 450w, http:\/\/www.statussambashow.com.br\/site\/wp-content\/uploads\/2023\/05\/Festa-de-Casamento-Grasi-e-Henrique-08-04-2023-0044.jpg 1280w\" data-sizes=\"(max-width: 1030px) 100vw, 1030px\" data-rel='gallery-1' data-prev-img='http:\/\/www.statussambashow.com.br\/site\/wp-content\/uploads\/2023\/05\/Festa-de-Casamento-Grasi-e-Henrique-08-04-2023-0044-495x400.jpg' class='lightbox ' data-onclick='17' title='Festa de Casamento -Grasi-e-Henrique-08-04-2023-0044'  itemprop=\"thumbnailUrl\"  ><img decoding=\"async\" fetchpriority=\"high\" class=\"wp-image-460274 avia-img-lazy-loading-not-460274\"   src=\"http:\/\/www.statussambashow.com.br\/site\/wp-content\/uploads\/2023\/05\/Festa-de-Casamento-Grasi-e-Henrique-08-04-2023-0044-495x400.jpg\" width=\"495\" height=\"400\"  title='Festa de Casamento -Grasi-e-Henrique-08-04-2023-0044' alt='Todo carisma da Passista Nathany Piemonte em Festa de Casamento' srcset=\"http:\/\/www.statussambashow.com.br\/site\/wp-content\/uploads\/2023\/05\/Festa-de-Casamento-Grasi-e-Henrique-08-04-2023-0044-495x400.jpg 495w, http:\/\/www.statussambashow.com.br\/site\/wp-content\/uploads\/2023\/05\/Festa-de-Casamento-Grasi-e-Henrique-08-04-2023-0044-845x684.jpg 845w\" sizes=\"(max-width: 495px) 100vw, 495px\" \/><div class='big-prev-fake'><img decoding=\"async\" loading=\"lazy\" class=\"wp-image-460274 avia-img-lazy-loading-460274\"  width=\"495\" height=\"400\" src=\"http:\/\/www.statussambashow.com.br\/site\/wp-content\/uploads\/2023\/05\/Festa-de-Casamento-Grasi-e-Henrique-08-04-2023-0044-495x400.jpg\" title='Festa de Casamento -Grasi-e-Henrique-08-04-2023-0044' alt='Todo carisma da Passista Nathany Piemonte em Festa de Casamento' srcset=\"http:\/\/www.statussambashow.com.br\/site\/wp-content\/uploads\/2023\/05\/Festa-de-Casamento-Grasi-e-Henrique-08-04-2023-0044-495x400.jpg 495w, http:\/\/www.statussambashow.com.br\/site\/wp-content\/uploads\/2023\/05\/Festa-de-Casamento-Grasi-e-Henrique-08-04-2023-0044-845x684.jpg 845w\" sizes=\"(max-width: 495px) 100vw, 495px\" \/><\/div><\/a><a href=\"http:\/\/www.statussambashow.com.br\/site\/wp-content\/uploads\/2023\/05\/Festa-de-Casamento-Grasi-e-Henrique-08-04-2023-0045-1030x687.jpg\" data-srcset=\"http:\/\/www.statussambashow.com.br\/site\/wp-content\/uploads\/2023\/05\/Festa-de-Casamento-Grasi-e-Henrique-08-04-2023-0045-1030x687.jpg 1030w, http:\/\/www.statussambashow.com.br\/site\/wp-content\/uploads\/2023\/05\/Festa-de-Casamento-Grasi-e-Henrique-08-04-2023-0045-300x200.jpg 300w, http:\/\/www.statussambashow.com.br\/site\/wp-content\/uploads\/2023\/05\/Festa-de-Casamento-Grasi-e-Henrique-08-04-2023-0045-768x512.jpg 768w, http:\/\/www.statussambashow.com.br\/site\/wp-content\/uploads\/2023\/05\/Festa-de-Casamento-Grasi-e-Henrique-08-04-2023-0045-705x470.jpg 705w, http:\/\/www.statussambashow.com.br\/site\/wp-content\/uploads\/2023\/05\/Festa-de-Casamento-Grasi-e-Henrique-08-04-2023-0045-450x300.jpg 450w, http:\/\/www.statussambashow.com.br\/site\/wp-content\/uploads\/2023\/05\/Festa-de-Casamento-Grasi-e-Henrique-08-04-2023-0045.jpg 1280w\" data-sizes=\"(max-width: 1030px) 100vw, 1030px\" data-rel='gallery-1' data-prev-img='http:\/\/www.statussambashow.com.br\/site\/wp-content\/uploads\/2023\/05\/Festa-de-Casamento-Grasi-e-Henrique-08-04-2023-0045-495x400.jpg' class='lightbox ' data-onclick='18' title='Festa de Casamento -Grasi-e-Henrique-08-04-2023-0045'  itemprop=\"thumbnailUrl\"  ><img decoding=\"async\" fetchpriority=\"high\" class=\"wp-image-460275 avia-img-lazy-loading-not-460275\"   src=\"http:\/\/www.statussambashow.com.br\/site\/wp-content\/uploads\/2023\/05\/Festa-de-Casamento-Grasi-e-Henrique-08-04-2023-0045-495x400.jpg\" width=\"495\" height=\"400\"  title='Festa de Casamento -Grasi-e-Henrique-08-04-2023-0045' alt='Passista Elaine de Abreu interagindo com noiva Grasi em sua Festa de Casamento' srcset=\"http:\/\/www.statussambashow.com.br\/site\/wp-content\/uploads\/2023\/05\/Festa-de-Casamento-Grasi-e-Henrique-08-04-2023-0045-495x400.jpg 495w, http:\/\/www.statussambashow.com.br\/site\/wp-content\/uploads\/2023\/05\/Festa-de-Casamento-Grasi-e-Henrique-08-04-2023-0045-845x684.jpg 845w\" sizes=\"(max-width: 495px) 100vw, 495px\" \/><div class='big-prev-fake'><img decoding=\"async\" loading=\"lazy\" class=\"wp-image-460275 avia-img-lazy-loading-460275\"  width=\"495\" height=\"400\" src=\"http:\/\/www.statussambashow.com.br\/site\/wp-content\/uploads\/2023\/05\/Festa-de-Casamento-Grasi-e-Henrique-08-04-2023-0045-495x400.jpg\" title='Festa de Casamento -Grasi-e-Henrique-08-04-2023-0045' alt='Passista Elaine de Abreu interagindo com noiva Grasi em sua Festa de Casamento' srcset=\"http:\/\/www.statussambashow.com.br\/site\/wp-content\/uploads\/2023\/05\/Festa-de-Casamento-Grasi-e-Henrique-08-04-2023-0045-495x400.jpg 495w, http:\/\/www.statussambashow.com.br\/site\/wp-content\/uploads\/2023\/05\/Festa-de-Casamento-Grasi-e-Henrique-08-04-2023-0045-845x684.jpg 845w\" sizes=\"(max-width: 495px) 100vw, 495px\" \/><\/div><\/a><a href=\"http:\/\/www.statussambashow.com.br\/site\/wp-content\/uploads\/2023\/05\/Festa-de-Casamento-Grasi-e-Henrique-08-04-2023-0004.jpg\" data-srcset=\"http:\/\/www.statussambashow.com.br\/site\/wp-content\/uploads\/2023\/05\/Festa-de-Casamento-Grasi-e-Henrique-08-04-2023-0004.jpg 639w, http:\/\/www.statussambashow.com.br\/site\/wp-content\/uploads\/2023\/05\/Festa-de-Casamento-Grasi-e-Henrique-08-04-2023-0004-200x300.jpg 200w, http:\/\/www.statussambashow.com.br\/site\/wp-content\/uploads\/2023\/05\/Festa-de-Casamento-Grasi-e-Henrique-08-04-2023-0004-469x705.jpg 469w, http:\/\/www.statussambashow.com.br\/site\/wp-content\/uploads\/2023\/05\/Festa-de-Casamento-Grasi-e-Henrique-08-04-2023-0004-450x676.jpg 450w\" data-sizes=\"(max-width: 639px) 100vw, 639px\" data-rel='gallery-1' data-prev-img='http:\/\/www.statussambashow.com.br\/site\/wp-content\/uploads\/2023\/05\/Festa-de-Casamento-Grasi-e-Henrique-08-04-2023-0004-495x400.jpg' class='lightbox ' data-onclick='19' title='Festa de Casamento -Grasi-e-Henrique-08-04-2023-0004'  itemprop=\"thumbnailUrl\"  ><img decoding=\"async\" fetchpriority=\"high\" class=\"wp-image-460277 avia-img-lazy-loading-not-460277\"   src=\"http:\/\/www.statussambashow.com.br\/site\/wp-content\/uploads\/2023\/05\/Festa-de-Casamento-Grasi-e-Henrique-08-04-2023-0004-495x400.jpg\" width=\"495\" height=\"400\"  title='Festa de Casamento -Grasi-e-Henrique-08-04-2023-0004' alt='Passista Elaine de Abreu com todo seu carisma' \/><div class='big-prev-fake'><img decoding=\"async\" loading=\"lazy\" class=\"wp-image-460277 avia-img-lazy-loading-460277\"  width=\"495\" height=\"400\" src=\"http:\/\/www.statussambashow.com.br\/site\/wp-content\/uploads\/2023\/05\/Festa-de-Casamento-Grasi-e-Henrique-08-04-2023-0004-495x400.jpg\" title='Festa de Casamento -Grasi-e-Henrique-08-04-2023-0004' alt='Passista Elaine de Abreu com todo seu carisma' \/><\/div><\/a><a href=\"http:\/\/www.statussambashow.com.br\/site\/wp-content\/uploads\/2023\/05\/Festa-de-Casamento-Grasi-e-Henrique-08-04-2023-0013-1030x686.jpg\" data-srcset=\"http:\/\/www.statussambashow.com.br\/site\/wp-content\/uploads\/2023\/05\/Festa-de-Casamento-Grasi-e-Henrique-08-04-2023-0013-1030x686.jpg 1030w, http:\/\/www.statussambashow.com.br\/site\/wp-content\/uploads\/2023\/05\/Festa-de-Casamento-Grasi-e-Henrique-08-04-2023-0013-300x200.jpg 300w, http:\/\/www.statussambashow.com.br\/site\/wp-content\/uploads\/2023\/05\/Festa-de-Casamento-Grasi-e-Henrique-08-04-2023-0013-768x511.jpg 768w, http:\/\/www.statussambashow.com.br\/site\/wp-content\/uploads\/2023\/05\/Festa-de-Casamento-Grasi-e-Henrique-08-04-2023-0013-705x469.jpg 705w, http:\/\/www.statussambashow.com.br\/site\/wp-content\/uploads\/2023\/05\/Festa-de-Casamento-Grasi-e-Henrique-08-04-2023-0013-450x300.jpg 450w, http:\/\/www.statussambashow.com.br\/site\/wp-content\/uploads\/2023\/05\/Festa-de-Casamento-Grasi-e-Henrique-08-04-2023-0013.jpg 1280w\" data-sizes=\"(max-width: 1030px) 100vw, 1030px\" data-rel='gallery-1' data-prev-img='http:\/\/www.statussambashow.com.br\/site\/wp-content\/uploads\/2023\/05\/Festa-de-Casamento-Grasi-e-Henrique-08-04-2023-0013-495x400.jpg' class='lightbox ' data-onclick='20' title='Festa de Casamento -Grasi-e-Henrique-08-04-2023-0013'  itemprop=\"thumbnailUrl\"  ><img decoding=\"async\" fetchpriority=\"high\" class=\"wp-image-460280 avia-img-lazy-loading-not-460280\"   src=\"http:\/\/www.statussambashow.com.br\/site\/wp-content\/uploads\/2023\/05\/Festa-de-Casamento-Grasi-e-Henrique-08-04-2023-0013-495x400.jpg\" width=\"495\" height=\"400\"  title='Festa de Casamento -Grasi-e-Henrique-08-04-2023-0013' alt='Noiva Grasi curtindo um samba de qualidade em conjunto da Bateria nota 10 da Status Samba Show' srcset=\"http:\/\/www.statussambashow.com.br\/site\/wp-content\/uploads\/2023\/05\/Festa-de-Casamento-Grasi-e-Henrique-08-04-2023-0013-495x400.jpg 495w, http:\/\/www.statussambashow.com.br\/site\/wp-content\/uploads\/2023\/05\/Festa-de-Casamento-Grasi-e-Henrique-08-04-2023-0013-845x684.jpg 845w\" sizes=\"(max-width: 495px) 100vw, 495px\" \/><div class='big-prev-fake'><img decoding=\"async\" loading=\"lazy\" class=\"wp-image-460280 avia-img-lazy-loading-460280\"  width=\"495\" height=\"400\" src=\"http:\/\/www.statussambashow.com.br\/site\/wp-content\/uploads\/2023\/05\/Festa-de-Casamento-Grasi-e-Henrique-08-04-2023-0013-495x400.jpg\" title='Festa de Casamento -Grasi-e-Henrique-08-04-2023-0013' alt='Noiva Grasi curtindo um samba de qualidade em conjunto da Bateria nota 10 da Status Samba Show' srcset=\"http:\/\/www.statussambashow.com.br\/site\/wp-content\/uploads\/2023\/05\/Festa-de-Casamento-Grasi-e-Henrique-08-04-2023-0013-495x400.jpg 495w, http:\/\/www.statussambashow.com.br\/site\/wp-content\/uploads\/2023\/05\/Festa-de-Casamento-Grasi-e-Henrique-08-04-2023-0013-845x684.jpg 845w\" sizes=\"(max-width: 495px) 100vw, 495px\" \/><\/div><\/a><a href=\"http:\/\/www.statussambashow.com.br\/site\/wp-content\/uploads\/2023\/05\/Festa-de-Casamento-Grasi-e-Henrique-08-04-2023-0014-1030x686.jpg\" data-srcset=\"http:\/\/www.statussambashow.com.br\/site\/wp-content\/uploads\/2023\/05\/Festa-de-Casamento-Grasi-e-Henrique-08-04-2023-0014-1030x686.jpg 1030w, http:\/\/www.statussambashow.com.br\/site\/wp-content\/uploads\/2023\/05\/Festa-de-Casamento-Grasi-e-Henrique-08-04-2023-0014-300x200.jpg 300w, http:\/\/www.statussambashow.com.br\/site\/wp-content\/uploads\/2023\/05\/Festa-de-Casamento-Grasi-e-Henrique-08-04-2023-0014-768x511.jpg 768w, http:\/\/www.statussambashow.com.br\/site\/wp-content\/uploads\/2023\/05\/Festa-de-Casamento-Grasi-e-Henrique-08-04-2023-0014-705x469.jpg 705w, http:\/\/www.statussambashow.com.br\/site\/wp-content\/uploads\/2023\/05\/Festa-de-Casamento-Grasi-e-Henrique-08-04-2023-0014-450x300.jpg 450w, http:\/\/www.statussambashow.com.br\/site\/wp-content\/uploads\/2023\/05\/Festa-de-Casamento-Grasi-e-Henrique-08-04-2023-0014.jpg 1280w\" data-sizes=\"(max-width: 1030px) 100vw, 1030px\" data-rel='gallery-1' data-prev-img='http:\/\/www.statussambashow.com.br\/site\/wp-content\/uploads\/2023\/05\/Festa-de-Casamento-Grasi-e-Henrique-08-04-2023-0014-495x400.jpg' class='first_thumb lightbox ' data-onclick='21' title='Festa de Casamento -Grasi-e-Henrique-08-04-2023-0014'  itemprop=\"thumbnailUrl\"  ><img decoding=\"async\" fetchpriority=\"high\" class=\"wp-image-460281 avia-img-lazy-loading-not-460281\"   src=\"http:\/\/www.statussambashow.com.br\/site\/wp-content\/uploads\/2023\/05\/Festa-de-Casamento-Grasi-e-Henrique-08-04-2023-0014-495x400.jpg\" width=\"495\" height=\"400\"  title='Festa de Casamento -Grasi-e-Henrique-08-04-2023-0014' alt='Noiva Grasi em momento unico proporcionado pela Status Samba Show em sua Festa de Casamento' srcset=\"http:\/\/www.statussambashow.com.br\/site\/wp-content\/uploads\/2023\/05\/Festa-de-Casamento-Grasi-e-Henrique-08-04-2023-0014-495x400.jpg 495w, http:\/\/www.statussambashow.com.br\/site\/wp-content\/uploads\/2023\/05\/Festa-de-Casamento-Grasi-e-Henrique-08-04-2023-0014-845x684.jpg 845w\" sizes=\"(max-width: 495px) 100vw, 495px\" \/><div class='big-prev-fake'><img decoding=\"async\" loading=\"lazy\" class=\"wp-image-460281 avia-img-lazy-loading-460281\"  width=\"495\" height=\"400\" src=\"http:\/\/www.statussambashow.com.br\/site\/wp-content\/uploads\/2023\/05\/Festa-de-Casamento-Grasi-e-Henrique-08-04-2023-0014-495x400.jpg\" title='Festa de Casamento -Grasi-e-Henrique-08-04-2023-0014' alt='Noiva Grasi em momento unico proporcionado pela Status Samba Show em sua Festa de Casamento' srcset=\"http:\/\/www.statussambashow.com.br\/site\/wp-content\/uploads\/2023\/05\/Festa-de-Casamento-Grasi-e-Henrique-08-04-2023-0014-495x400.jpg 495w, http:\/\/www.statussambashow.com.br\/site\/wp-content\/uploads\/2023\/05\/Festa-de-Casamento-Grasi-e-Henrique-08-04-2023-0014-845x684.jpg 845w\" sizes=\"(max-width: 495px) 100vw, 495px\" \/><\/div><\/a><a href=\"http:\/\/www.statussambashow.com.br\/site\/wp-content\/uploads\/2023\/05\/Festa-de-Casamento-Grasi-e-Henrique-08-04-2023-0015-1030x686.jpg\" data-srcset=\"http:\/\/www.statussambashow.com.br\/site\/wp-content\/uploads\/2023\/05\/Festa-de-Casamento-Grasi-e-Henrique-08-04-2023-0015-1030x686.jpg 1030w, http:\/\/www.statussambashow.com.br\/site\/wp-content\/uploads\/2023\/05\/Festa-de-Casamento-Grasi-e-Henrique-08-04-2023-0015-300x200.jpg 300w, http:\/\/www.statussambashow.com.br\/site\/wp-content\/uploads\/2023\/05\/Festa-de-Casamento-Grasi-e-Henrique-08-04-2023-0015-768x511.jpg 768w, http:\/\/www.statussambashow.com.br\/site\/wp-content\/uploads\/2023\/05\/Festa-de-Casamento-Grasi-e-Henrique-08-04-2023-0015-705x469.jpg 705w, http:\/\/www.statussambashow.com.br\/site\/wp-content\/uploads\/2023\/05\/Festa-de-Casamento-Grasi-e-Henrique-08-04-2023-0015-450x300.jpg 450w, http:\/\/www.statussambashow.com.br\/site\/wp-content\/uploads\/2023\/05\/Festa-de-Casamento-Grasi-e-Henrique-08-04-2023-0015.jpg 1280w\" data-sizes=\"(max-width: 1030px) 100vw, 1030px\" data-rel='gallery-1' data-prev-img='http:\/\/www.statussambashow.com.br\/site\/wp-content\/uploads\/2023\/05\/Festa-de-Casamento-Grasi-e-Henrique-08-04-2023-0015-495x400.jpg' class='lightbox ' data-onclick='22' title='Festa de Casamento -Grasi-e-Henrique-08-04-2023-0015'  itemprop=\"thumbnailUrl\"  ><img decoding=\"async\" fetchpriority=\"high\" class=\"wp-image-460282 avia-img-lazy-loading-not-460282\"   src=\"http:\/\/www.statussambashow.com.br\/site\/wp-content\/uploads\/2023\/05\/Festa-de-Casamento-Grasi-e-Henrique-08-04-2023-0015-495x400.jpg\" width=\"495\" height=\"400\"  title='Festa de Casamento -Grasi-e-Henrique-08-04-2023-0015' alt='Ritmistas Ricardo de Almeida, Diogo Negreiros e Bruno Breton em Festa de Casamento do Casal Grasi e Henrique' srcset=\"http:\/\/www.statussambashow.com.br\/site\/wp-content\/uploads\/2023\/05\/Festa-de-Casamento-Grasi-e-Henrique-08-04-2023-0015-495x400.jpg 495w, http:\/\/www.statussambashow.com.br\/site\/wp-content\/uploads\/2023\/05\/Festa-de-Casamento-Grasi-e-Henrique-08-04-2023-0015-845x684.jpg 845w\" sizes=\"(max-width: 495px) 100vw, 495px\" \/><div class='big-prev-fake'><img decoding=\"async\" loading=\"lazy\" class=\"wp-image-460282 avia-img-lazy-loading-460282\"  width=\"495\" height=\"400\" src=\"http:\/\/www.statussambashow.com.br\/site\/wp-content\/uploads\/2023\/05\/Festa-de-Casamento-Grasi-e-Henrique-08-04-2023-0015-495x400.jpg\" title='Festa de Casamento -Grasi-e-Henrique-08-04-2023-0015' alt='Ritmistas Ricardo de Almeida, Diogo Negreiros e Bruno Breton em Festa de Casamento do Casal Grasi e Henrique' srcset=\"http:\/\/www.statussambashow.com.br\/site\/wp-content\/uploads\/2023\/05\/Festa-de-Casamento-Grasi-e-Henrique-08-04-2023-0015-495x400.jpg 495w, http:\/\/www.statussambashow.com.br\/site\/wp-content\/uploads\/2023\/05\/Festa-de-Casamento-Grasi-e-Henrique-08-04-2023-0015-845x684.jpg 845w\" sizes=\"(max-width: 495px) 100vw, 495px\" \/><\/div><\/a><a href=\"http:\/\/www.statussambashow.com.br\/site\/wp-content\/uploads\/2023\/05\/Festa-de-Casamento-Grasi-e-Henrique-08-04-2023-0026-1030x686.jpg\" data-srcset=\"http:\/\/www.statussambashow.com.br\/site\/wp-content\/uploads\/2023\/05\/Festa-de-Casamento-Grasi-e-Henrique-08-04-2023-0026-1030x686.jpg 1030w, http:\/\/www.statussambashow.com.br\/site\/wp-content\/uploads\/2023\/05\/Festa-de-Casamento-Grasi-e-Henrique-08-04-2023-0026-300x200.jpg 300w, http:\/\/www.statussambashow.com.br\/site\/wp-content\/uploads\/2023\/05\/Festa-de-Casamento-Grasi-e-Henrique-08-04-2023-0026-768x511.jpg 768w, http:\/\/www.statussambashow.com.br\/site\/wp-content\/uploads\/2023\/05\/Festa-de-Casamento-Grasi-e-Henrique-08-04-2023-0026-705x469.jpg 705w, http:\/\/www.statussambashow.com.br\/site\/wp-content\/uploads\/2023\/05\/Festa-de-Casamento-Grasi-e-Henrique-08-04-2023-0026-450x300.jpg 450w, http:\/\/www.statussambashow.com.br\/site\/wp-content\/uploads\/2023\/05\/Festa-de-Casamento-Grasi-e-Henrique-08-04-2023-0026.jpg 1280w\" data-sizes=\"(max-width: 1030px) 100vw, 1030px\" data-rel='gallery-1' data-prev-img='http:\/\/www.statussambashow.com.br\/site\/wp-content\/uploads\/2023\/05\/Festa-de-Casamento-Grasi-e-Henrique-08-04-2023-0026-495x400.jpg' class='lightbox ' data-onclick='23' title='Festa de Casamento -Grasi-e-Henrique-08-04-2023-0026'  itemprop=\"thumbnailUrl\"  ><img decoding=\"async\" fetchpriority=\"high\" class=\"wp-image-460284 avia-img-lazy-loading-not-460284\"   src=\"http:\/\/www.statussambashow.com.br\/site\/wp-content\/uploads\/2023\/05\/Festa-de-Casamento-Grasi-e-Henrique-08-04-2023-0026-495x400.jpg\" width=\"495\" height=\"400\"  title='Festa de Casamento -Grasi-e-Henrique-08-04-2023-0026' alt='' srcset=\"http:\/\/www.statussambashow.com.br\/site\/wp-content\/uploads\/2023\/05\/Festa-de-Casamento-Grasi-e-Henrique-08-04-2023-0026-495x400.jpg 495w, http:\/\/www.statussambashow.com.br\/site\/wp-content\/uploads\/2023\/05\/Festa-de-Casamento-Grasi-e-Henrique-08-04-2023-0026-845x684.jpg 845w\" sizes=\"(max-width: 495px) 100vw, 495px\" \/><div class='big-prev-fake'><img decoding=\"async\" loading=\"lazy\" class=\"wp-image-460284 avia-img-lazy-loading-460284\"  width=\"495\" height=\"400\" src=\"http:\/\/www.statussambashow.com.br\/site\/wp-content\/uploads\/2023\/05\/Festa-de-Casamento-Grasi-e-Henrique-08-04-2023-0026-495x400.jpg\" title='Festa de Casamento -Grasi-e-Henrique-08-04-2023-0026' alt='' srcset=\"http:\/\/www.statussambashow.com.br\/site\/wp-content\/uploads\/2023\/05\/Festa-de-Casamento-Grasi-e-Henrique-08-04-2023-0026-495x400.jpg 495w, http:\/\/www.statussambashow.com.br\/site\/wp-content\/uploads\/2023\/05\/Festa-de-Casamento-Grasi-e-Henrique-08-04-2023-0026-845x684.jpg 845w\" sizes=\"(max-width: 495px) 100vw, 495px\" \/><\/div><\/a><\/div><\/div>\n<div  class='avia-video av-lfepm0en-b5720f059d9d642a953e86e06b1c2563 avia-video-16-9 av-no-preview-image avia-video-load-always av-lazyload-immediate av-lazyload-video-embed'  itemprop=\"video\" itemtype=\"https:\/\/schema.org\/VideoObject\"  data-original_url='https:\/\/youtu.be\/Y7yo1Sg9fP8'><script type='text\/html' class='av-video-tmpl'><div class='avia-iframe-wrap'><iframe loading=\"lazy\" title=\"Festa de Casamento Grasi e Henrique - Status Samba Show\" width=\"1500\" height=\"844\" src=\"https:\/\/www.youtube.com\/embed\/Y7yo1Sg9fP8?feature=oembed&autoplay=0&loop=0&controls=1&mute=0\" frameborder=\"0\" allow=\"accelerometer; autoplay; clipboard-write; encrypted-media; gyroscope; picture-in-picture; web-share\" allowfullscreen><\/iframe><\/div><\/script><div class='av-click-to-play-overlay'><div class=\"avia_playpause_icon\"><\/div><\/div><\/div>\n","protected":false},"excerpt":{"rendered":"<p>Fotos e v\u00eddeo sobre apresenta\u00e7\u00e3o do Grupo Status Samba Show em Festa de Casamento Erica &#038; Alex, realizada em 12\/03\/2023 na mans\u00e3o Ad\u00e9lia Prado.<\/p>\n","protected":false},"author":1,"featured_media":460259,"comment_status":"closed","ping_status":"open","sticky":false,"template":"","format":"standard","meta":{"_bbp_topic_count":0,"_bbp_reply_count":0,"_bbp_total_topic_count":0,"_bbp_total_reply_count":0,"_bbp_voice_count":0,"_bbp_anonymous_reply_count":0,"_bbp_topic_count_hidden":0,"_bbp_reply_count_hidden":0,"_bbp_forum_subforum_count":0,"_monsterinsights_skip_tracking":false,"_monsterinsights_sitenote_active":false,"_monsterinsights_sitenote_note":"","_monsterinsights_sitenote_category":0,"_jetpack_memberships_contains_paid_content":false,"footnotes":""},"categories":[15,53],"tags":[86,46,181,76,70,72],"class_list":["post-460294","post","type-post","status-publish","format-standard","has-post-thumbnail","hentry","category-frontpage-article","category-noticias","tag-bateria-de-escola-de-samba-em-casamento","tag-bateria-de-escola-de-samba","tag-casa-bertolazzi","tag-festa-de-casamento","tag-passistas","tag-samba-show-em-casamento"],"yoast_head":"<!-- This site is optimized with the Yoast SEO plugin v23.3 - https:\/\/yoast.com\/wordpress\/plugins\/seo\/ -->\n<title>Festa de Casamento - Grasi &amp; Henrique - 08\/04\/2023 - Status Samba Show<\/title>\n<meta name=\"description\" content=\"Equipe da Status Samba Show em Festa de Casamento do Casal Grasi e Henrique. Festa realizada na Casa Bertolazzi em Santana em 08\/04\/2023\" \/>\n<meta name=\"robots\" content=\"index, follow, max-snippet:-1, max-image-preview:large, max-video-preview:-1\" \/>\n<link rel=\"canonical\" href=\"http:\/\/www.statussambashow.com.br\/site\/festa-de-casamento-grasi-henrique-08-04-2023\/\" \/>\n<meta property=\"og:locale\" content=\"pt_BR\" \/>\n<meta property=\"og:type\" content=\"article\" \/>\n<meta property=\"og:title\" content=\"Festa de Casamento - Grasi &amp; Henrique - 08\/04\/2023 - Status Samba Show\" \/>\n<meta property=\"og:description\" content=\"Equipe da Status Samba Show em Festa de Casamento do Casal Grasi e Henrique. Festa realizada na Casa Bertolazzi em Santana em 08\/04\/2023\" \/>\n<meta property=\"og:url\" content=\"http:\/\/www.statussambashow.com.br\/site\/festa-de-casamento-grasi-henrique-08-04-2023\/\" \/>\n<meta property=\"og:site_name\" content=\"Status Samba Show\" \/>\n<meta property=\"article:publisher\" content=\"https:\/\/www.facebook.com\/statussambashow\" \/>\n<meta property=\"article:published_time\" content=\"2024-04-18T15:03:10+00:00\" \/>\n<meta property=\"article:modified_time\" content=\"2024-05-21T16:00:06+00:00\" \/>\n<meta property=\"og:image\" content=\"http:\/\/www.statussambashow.com.br\/site\/wp-content\/uploads\/2023\/05\/Casamento-Grasi-Henrique.jpg\" \/>\n\t<meta property=\"og:image:width\" content=\"1280\" \/>\n\t<meta property=\"og:image:height\" content=\"720\" \/>\n\t<meta property=\"og:image:type\" content=\"image\/jpeg\" \/>\n<meta name=\"author\" content=\"Administrador\" \/>\n<meta name=\"twitter:card\" content=\"summary_large_image\" \/>\n<meta name=\"twitter:label1\" content=\"Escrito por\" \/>\n\t<meta name=\"twitter:data1\" content=\"Administrador\" \/>\n\t<meta name=\"twitter:label2\" content=\"Est. tempo de leitura\" \/>\n\t<meta name=\"twitter:data2\" content=\"2 minutos\" \/>\n<script type=\"application\/ld+json\" class=\"yoast-schema-graph\">{\"@context\":\"https:\/\/schema.org\",\"@graph\":[{\"@type\":\"Article\",\"@id\":\"http:\/\/www.statussambashow.com.br\/site\/festa-de-casamento-grasi-henrique-08-04-2023\/#article\",\"isPartOf\":{\"@id\":\"http:\/\/www.statussambashow.com.br\/site\/festa-de-casamento-grasi-henrique-08-04-2023\/\"},\"author\":{\"name\":\"Administrador\",\"@id\":\"http:\/\/www.statussambashow.com.br\/site\/#\/schema\/person\/8d860510e8152ed05851b512fea9cce4\"},\"headline\":\"Festa de Casamento &#8211; Grasi &#038; Henrique &#8211; 08\/04\/2023\",\"datePublished\":\"2024-04-18T15:03:10+00:00\",\"dateModified\":\"2024-05-21T16:00:06+00:00\",\"mainEntityOfPage\":{\"@id\":\"http:\/\/www.statussambashow.com.br\/site\/festa-de-casamento-grasi-henrique-08-04-2023\/\"},\"wordCount\":413,\"publisher\":{\"@id\":\"http:\/\/www.statussambashow.com.br\/site\/#organization\"},\"image\":{\"@id\":\"http:\/\/www.statussambashow.com.br\/site\/festa-de-casamento-grasi-henrique-08-04-2023\/#primaryimage\"},\"thumbnailUrl\":\"http:\/\/www.statussambashow.com.br\/site\/wp-content\/uploads\/2023\/05\/Casamento-Grasi-Henrique.jpg\",\"keywords\":[\"bateria de escola de samba em casamento\",\"bateria de escola de samba.\",\"casa bertolazzi\",\"festa de casamento\",\"Passistas\",\"Samba show em casamento\"],\"articleSection\":[\"Frontpage Article\",\"Not\u00edcias\"],\"inLanguage\":\"pt-BR\"},{\"@type\":\"WebPage\",\"@id\":\"http:\/\/www.statussambashow.com.br\/site\/festa-de-casamento-grasi-henrique-08-04-2023\/\",\"url\":\"http:\/\/www.statussambashow.com.br\/site\/festa-de-casamento-grasi-henrique-08-04-2023\/\",\"name\":\"Festa de Casamento - Grasi & Henrique - 08\/04\/2023 - Status Samba Show\",\"isPartOf\":{\"@id\":\"http:\/\/www.statussambashow.com.br\/site\/#website\"},\"primaryImageOfPage\":{\"@id\":\"http:\/\/www.statussambashow.com.br\/site\/festa-de-casamento-grasi-henrique-08-04-2023\/#primaryimage\"},\"image\":{\"@id\":\"http:\/\/www.statussambashow.com.br\/site\/festa-de-casamento-grasi-henrique-08-04-2023\/#primaryimage\"},\"thumbnailUrl\":\"http:\/\/www.statussambashow.com.br\/site\/wp-content\/uploads\/2023\/05\/Casamento-Grasi-Henrique.jpg\",\"datePublished\":\"2024-04-18T15:03:10+00:00\",\"dateModified\":\"2024-05-21T16:00:06+00:00\",\"description\":\"Equipe da Status Samba Show em Festa de Casamento do Casal Grasi e Henrique. Festa realizada na Casa Bertolazzi em Santana em 08\/04\/2023\",\"breadcrumb\":{\"@id\":\"http:\/\/www.statussambashow.com.br\/site\/festa-de-casamento-grasi-henrique-08-04-2023\/#breadcrumb\"},\"inLanguage\":\"pt-BR\",\"potentialAction\":[{\"@type\":\"ReadAction\",\"target\":[\"http:\/\/www.statussambashow.com.br\/site\/festa-de-casamento-grasi-henrique-08-04-2023\/\"]}]},{\"@type\":\"ImageObject\",\"inLanguage\":\"pt-BR\",\"@id\":\"http:\/\/www.statussambashow.com.br\/site\/festa-de-casamento-grasi-henrique-08-04-2023\/#primaryimage\",\"url\":\"http:\/\/www.statussambashow.com.br\/site\/wp-content\/uploads\/2023\/05\/Casamento-Grasi-Henrique.jpg\",\"contentUrl\":\"http:\/\/www.statussambashow.com.br\/site\/wp-content\/uploads\/2023\/05\/Casamento-Grasi-Henrique.jpg\",\"width\":1280,\"height\":720},{\"@type\":\"BreadcrumbList\",\"@id\":\"http:\/\/www.statussambashow.com.br\/site\/festa-de-casamento-grasi-henrique-08-04-2023\/#breadcrumb\",\"itemListElement\":[{\"@type\":\"ListItem\",\"position\":1,\"name\":\"In\u00edcio\",\"item\":\"http:\/\/www.statussambashow.com.br\/site\/\"},{\"@type\":\"ListItem\",\"position\":2,\"name\":\"Festa de Casamento &#8211; Grasi &#038; Henrique &#8211; 08\/04\/2023\"}]},{\"@type\":\"WebSite\",\"@id\":\"http:\/\/www.statussambashow.com.br\/site\/#website\",\"url\":\"http:\/\/www.statussambashow.com.br\/site\/\",\"name\":\"Status Samba Show\",\"description\":\"Bateria de Escola de Samba para Festas de Casamento, Formaturas, Festas de Debutantes e Festas de Anivers\u00e1rios.\",\"publisher\":{\"@id\":\"http:\/\/www.statussambashow.com.br\/site\/#organization\"},\"potentialAction\":[{\"@type\":\"SearchAction\",\"target\":{\"@type\":\"EntryPoint\",\"urlTemplate\":\"http:\/\/www.statussambashow.com.br\/site\/?s={search_term_string}\"},\"query-input\":\"required name=search_term_string\"}],\"inLanguage\":\"pt-BR\"},{\"@type\":\"Organization\",\"@id\":\"http:\/\/www.statussambashow.com.br\/site\/#organization\",\"name\":\"Status Samba Show\",\"url\":\"http:\/\/www.statussambashow.com.br\/site\/\",\"logo\":{\"@type\":\"ImageObject\",\"inLanguage\":\"pt-BR\",\"@id\":\"http:\/\/www.statussambashow.com.br\/site\/#\/schema\/logo\/image\/\",\"url\":\"http:\/\/www.statussambashow.com.br\/site\/wp-content\/uploads\/2019\/07\/logo_fundo_trans.png\",\"contentUrl\":\"http:\/\/www.statussambashow.com.br\/site\/wp-content\/uploads\/2019\/07\/logo_fundo_trans.png\",\"width\":1575,\"height\":1575,\"caption\":\"Status Samba Show\"},\"image\":{\"@id\":\"http:\/\/www.statussambashow.com.br\/site\/#\/schema\/logo\/image\/\"},\"sameAs\":[\"https:\/\/www.facebook.com\/statussambashow\",\"https:\/\/www.instagram.com\/statussambashow\/\"]},{\"@type\":\"Person\",\"@id\":\"http:\/\/www.statussambashow.com.br\/site\/#\/schema\/person\/8d860510e8152ed05851b512fea9cce4\",\"name\":\"Administrador\",\"url\":\"http:\/\/www.statussambashow.com.br\/site\/author\/admin\/\"}]}<\/script>\n<!-- \/ Yoast SEO plugin. -->","yoast_head_json":{"title":"Festa de Casamento - Grasi & Henrique - 08\/04\/2023 - Status Samba Show","description":"Equipe da Status Samba Show em Festa de Casamento do Casal Grasi e Henrique. Festa realizada na Casa Bertolazzi em Santana em 08\/04\/2023","robots":{"index":"index","follow":"follow","max-snippet":"max-snippet:-1","max-image-preview":"max-image-preview:large","max-video-preview":"max-video-preview:-1"},"canonical":"http:\/\/www.statussambashow.com.br\/site\/festa-de-casamento-grasi-henrique-08-04-2023\/","og_locale":"pt_BR","og_type":"article","og_title":"Festa de Casamento - Grasi & Henrique - 08\/04\/2023 - Status Samba Show","og_description":"Equipe da Status Samba Show em Festa de Casamento do Casal Grasi e Henrique. Festa realizada na Casa Bertolazzi em Santana em 08\/04\/2023","og_url":"http:\/\/www.statussambashow.com.br\/site\/festa-de-casamento-grasi-henrique-08-04-2023\/","og_site_name":"Status Samba Show","article_publisher":"https:\/\/www.facebook.com\/statussambashow","article_published_time":"2024-04-18T15:03:10+00:00","article_modified_time":"2024-05-21T16:00:06+00:00","og_image":[{"width":1280,"height":720,"url":"http:\/\/www.statussambashow.com.br\/site\/wp-content\/uploads\/2023\/05\/Casamento-Grasi-Henrique.jpg","type":"image\/jpeg"}],"author":"Administrador","twitter_card":"summary_large_image","twitter_misc":{"Escrito por":"Administrador","Est. tempo de leitura":"2 minutos"},"schema":{"@context":"https:\/\/schema.org","@graph":[{"@type":"Article","@id":"http:\/\/www.statussambashow.com.br\/site\/festa-de-casamento-grasi-henrique-08-04-2023\/#article","isPartOf":{"@id":"http:\/\/www.statussambashow.com.br\/site\/festa-de-casamento-grasi-henrique-08-04-2023\/"},"author":{"name":"Administrador","@id":"http:\/\/www.statussambashow.com.br\/site\/#\/schema\/person\/8d860510e8152ed05851b512fea9cce4"},"headline":"Festa de Casamento &#8211; Grasi &#038; Henrique &#8211; 08\/04\/2023","datePublished":"2024-04-18T15:03:10+00:00","dateModified":"2024-05-21T16:00:06+00:00","mainEntityOfPage":{"@id":"http:\/\/www.statussambashow.com.br\/site\/festa-de-casamento-grasi-henrique-08-04-2023\/"},"wordCount":413,"publisher":{"@id":"http:\/\/www.statussambashow.com.br\/site\/#organization"},"image":{"@id":"http:\/\/www.statussambashow.com.br\/site\/festa-de-casamento-grasi-henrique-08-04-2023\/#primaryimage"},"thumbnailUrl":"http:\/\/www.statussambashow.com.br\/site\/wp-content\/uploads\/2023\/05\/Casamento-Grasi-Henrique.jpg","keywords":["bateria de escola de samba em casamento","bateria de escola de samba.","casa bertolazzi","festa de casamento","Passistas","Samba show em casamento"],"articleSection":["Frontpage Article","Not\u00edcias"],"inLanguage":"pt-BR"},{"@type":"WebPage","@id":"http:\/\/www.statussambashow.com.br\/site\/festa-de-casamento-grasi-henrique-08-04-2023\/","url":"http:\/\/www.statussambashow.com.br\/site\/festa-de-casamento-grasi-henrique-08-04-2023\/","name":"Festa de Casamento - Grasi & Henrique - 08\/04\/2023 - Status Samba Show","isPartOf":{"@id":"http:\/\/www.statussambashow.com.br\/site\/#website"},"primaryImageOfPage":{"@id":"http:\/\/www.statussambashow.com.br\/site\/festa-de-casamento-grasi-henrique-08-04-2023\/#primaryimage"},"image":{"@id":"http:\/\/www.statussambashow.com.br\/site\/festa-de-casamento-grasi-henrique-08-04-2023\/#primaryimage"},"thumbnailUrl":"http:\/\/www.statussambashow.com.br\/site\/wp-content\/uploads\/2023\/05\/Casamento-Grasi-Henrique.jpg","datePublished":"2024-04-18T15:03:10+00:00","dateModified":"2024-05-21T16:00:06+00:00","description":"Equipe da Status Samba Show em Festa de Casamento do Casal Grasi e Henrique. Festa realizada na Casa Bertolazzi em Santana em 08\/04\/2023","breadcrumb":{"@id":"http:\/\/www.statussambashow.com.br\/site\/festa-de-casamento-grasi-henrique-08-04-2023\/#breadcrumb"},"inLanguage":"pt-BR","potentialAction":[{"@type":"ReadAction","target":["http:\/\/www.statussambashow.com.br\/site\/festa-de-casamento-grasi-henrique-08-04-2023\/"]}]},{"@type":"ImageObject","inLanguage":"pt-BR","@id":"http:\/\/www.statussambashow.com.br\/site\/festa-de-casamento-grasi-henrique-08-04-2023\/#primaryimage","url":"http:\/\/www.statussambashow.com.br\/site\/wp-content\/uploads\/2023\/05\/Casamento-Grasi-Henrique.jpg","contentUrl":"http:\/\/www.statussambashow.com.br\/site\/wp-content\/uploads\/2023\/05\/Casamento-Grasi-Henrique.jpg","width":1280,"height":720},{"@type":"BreadcrumbList","@id":"http:\/\/www.statussambashow.com.br\/site\/festa-de-casamento-grasi-henrique-08-04-2023\/#breadcrumb","itemListElement":[{"@type":"ListItem","position":1,"name":"In\u00edcio","item":"http:\/\/www.statussambashow.com.br\/site\/"},{"@type":"ListItem","position":2,"name":"Festa de Casamento &#8211; Grasi &#038; Henrique &#8211; 08\/04\/2023"}]},{"@type":"WebSite","@id":"http:\/\/www.statussambashow.com.br\/site\/#website","url":"http:\/\/www.statussambashow.com.br\/site\/","name":"Status Samba Show","description":"Bateria de Escola de Samba para Festas de Casamento, Formaturas, Festas de Debutantes e Festas de Anivers\u00e1rios.","publisher":{"@id":"http:\/\/www.statussambashow.com.br\/site\/#organization"},"potentialAction":[{"@type":"SearchAction","target":{"@type":"EntryPoint","urlTemplate":"http:\/\/www.statussambashow.com.br\/site\/?s={search_term_string}"},"query-input":"required name=search_term_string"}],"inLanguage":"pt-BR"},{"@type":"Organization","@id":"http:\/\/www.statussambashow.com.br\/site\/#organization","name":"Status Samba Show","url":"http:\/\/www.statussambashow.com.br\/site\/","logo":{"@type":"ImageObject","inLanguage":"pt-BR","@id":"http:\/\/www.statussambashow.com.br\/site\/#\/schema\/logo\/image\/","url":"http:\/\/www.statussambashow.com.br\/site\/wp-content\/uploads\/2019\/07\/logo_fundo_trans.png","contentUrl":"http:\/\/www.statussambashow.com.br\/site\/wp-content\/uploads\/2019\/07\/logo_fundo_trans.png","width":1575,"height":1575,"caption":"Status Samba Show"},"image":{"@id":"http:\/\/www.statussambashow.com.br\/site\/#\/schema\/logo\/image\/"},"sameAs":["https:\/\/www.facebook.com\/statussambashow","https:\/\/www.instagram.com\/statussambashow\/"]},{"@type":"Person","@id":"http:\/\/www.statussambashow.com.br\/site\/#\/schema\/person\/8d860510e8152ed05851b512fea9cce4","name":"Administrador","url":"http:\/\/www.statussambashow.com.br\/site\/author\/admin\/"}]}},"jetpack_sharing_enabled":true,"jetpack_featured_media_url":"http:\/\/www.statussambashow.com.br\/site\/wp-content\/uploads\/2023\/05\/Casamento-Grasi-Henrique.jpg","jetpack-related-posts":[],"_links":{"self":[{"href":"http:\/\/www.statussambashow.com.br\/site\/wp-json\/wp\/v2\/posts\/460294"}],"collection":[{"href":"http:\/\/www.statussambashow.com.br\/site\/wp-json\/wp\/v2\/posts"}],"about":[{"href":"http:\/\/www.statussambashow.com.br\/site\/wp-json\/wp\/v2\/types\/post"}],"author":[{"embeddable":true,"href":"http:\/\/www.statussambashow.com.br\/site\/wp-json\/wp\/v2\/users\/1"}],"replies":[{"embeddable":true,"href":"http:\/\/www.statussambashow.com.br\/site\/wp-json\/wp\/v2\/comments?post=460294"}],"version-history":[{"count":2,"href":"http:\/\/www.statussambashow.com.br\/site\/wp-json\/wp\/v2\/posts\/460294\/revisions"}],"predecessor-version":[{"id":477608,"href":"http:\/\/www.statussambashow.com.br\/site\/wp-json\/wp\/v2\/posts\/460294\/revisions\/477608"}],"wp:featuredmedia":[{"embeddable":true,"href":"http:\/\/www.statussambashow.com.br\/site\/wp-json\/wp\/v2\/media\/460259"}],"wp:attachment":[{"href":"http:\/\/www.statussambashow.com.br\/site\/wp-json\/wp\/v2\/media?parent=460294"}],"wp:term":[{"taxonomy":"category","embeddable":true,"href":"http:\/\/www.statussambashow.com.br\/site\/wp-json\/wp\/v2\/categories?post=460294"},{"taxonomy":"post_tag","embeddable":true,"href":"http:\/\/www.statussambashow.com.br\/site\/wp-json\/wp\/v2\/tags?post=460294"}],"curies":[{"name":"wp","href":"https:\/\/api.w.org\/{rel}","templated":true}]}}